{"id":5181,"date":"2024-10-16T11:48:04","date_gmt":"2024-10-16T11:48:04","guid":{"rendered":"https:\/\/radiojabato.es\/?p=5181"},"modified":"2024-10-16T11:48:04","modified_gmt":"2024-10-16T11:48:04","slug":"radio-asamec-charo-arroyo-concejala-de-servicios-sociales-y-mayores-del-ayto-de-coslada","status":"publish","type":"post","link":"https:\/\/radiojabato.es\/?p=5181","title":{"rendered":"RADIO ASAMEC: \u00abCharo Arroyo, Concejala de Servicios Sociales y Mayores del Ayto. de Coslada.\u00bb"},"content":{"rendered":"\n<iframe src=\"https:\/\/www.ivoox.com\/player_ej_134907846_6_1.html?c1=cfda7e\" width=\"100%\" height=\"200\" frameborder=\"0\" allowfullscreen=\"\" scrolling=\"no\" loading=\"lazy\"><\/iframe>\n\n\n\n<figure class=\"wp-block-embed is-type-video is-provider-youtube wp-block-embed-youtube wp-embed-aspect-16-9 wp-has-aspect-ratio\"><div class=\"wp-block-embed__wrapper\">\n<iframe loading=\"lazy\" title=\"RADIO ASAMEC: &quot;Charo Arroyo, Concejala de Servicios Sociales y Mayores del Ayto. de Coslada.&quot;\" width=\"750\" height=\"422\" src=\"https:\/\/www.youtube.com\/embed\/pvSQ5u70-Qs?feature=oembed\" frameborder=\"0\" allow=\"accelerometer; autoplay; clipboard-write; encrypted-media; gyroscope; picture-in-picture; web-share\" referrerpolicy=\"strict-origin-when-cross-origin\" allowfullscreen><\/iframe>\n<\/div><\/figure>\n\n\n\n<p>Nuevo programa de Radio ASAMEC en @radiojabato<br>Hoy hemos entrevistado a Charo Arroyo, concejala de Servicios Sociales y Mayores del Ayuntamiento de Coslada.<br>Charo nos ha contado los proyectos que est\u00e1n realizando en la actualidad, talleres para la soledad no deseada, para ayudar a las familias, asesoramiento y acompa\u00f1amiento, etc&#8230;<br>Nos ha contado en que consiste el Jard\u00edn de los Sentidos y de como los talleres que nos ayudan a sociabilizar y a crear lazos, son una manera de prevenci\u00f3n en la Salud Mental.<br>Agradecemos a Charo que nos haya acompa\u00f1ado y explicado lo que se hace desde su concejal\u00eda por la mejora de la Salud Mental de los Coslade\u00f1os.<\/p>\n","protected":false},"excerpt":{"rendered":"<p>Nuevo programa de Radio ASAMEC en @radiojabatoHoy hemos entrevistado a Charo Arroyo, concejala de Servicios Sociales y Mayores del Ayuntamiento de Coslada.Charo nos ha contado los proyectos que est\u00e1n realizando [&hellip;]<\/p>\n","protected":false},"author":2,"featured_media":0,"comment_status":"open","ping_status":"open","sticky":false,"template":"","format":"standard","meta":{"footnotes":""},"categories":[987],"tags":[506,1072,1614,988,305],"class_list":["post-5181","post","type-post","status-publish","format-standard","hentry","category-asamec-asociacion-de-salud-mental-del-corredor","tag-asamec","tag-charo-arroyo","tag-concejalia-de-servicios-sociales-y-mayores","tag-estigma-social","tag-salud-mental"],"_links":{"self":[{"href":"https:\/\/radiojabato.es\/index.php?rest_route=\/wp\/v2\/posts\/5181","targetHints":{"allow":["GET"]}}],"collection":[{"href":"https:\/\/radiojabato.es\/index.php?rest_route=\/wp\/v2\/posts"}],"about":[{"href":"https:\/\/radiojabato.es\/index.php?rest_route=\/wp\/v2\/types\/post"}],"author":[{"embeddable":true,"href":"https:\/\/radiojabato.es\/index.php?rest_route=\/wp\/v2\/users\/2"}],"replies":[{"embeddable":true,"href":"https:\/\/radiojabato.es\/index.php?rest_route=%2Fwp%2Fv2%2Fcomments&post=5181"}],"version-history":[{"count":1,"href":"https:\/\/radiojabato.es\/index.php?rest_route=\/wp\/v2\/posts\/5181\/revisions"}],"predecessor-version":[{"id":5182,"href":"https:\/\/radiojabato.es\/index.php?rest_route=\/wp\/v2\/posts\/5181\/revisions\/5182"}],"wp:attachment":[{"href":"https:\/\/radiojabato.es\/index.php?rest_route=%2Fwp%2Fv2%2Fmedia&parent=5181"}],"wp:term":[{"taxonomy":"category","embeddable":true,"href":"https:\/\/radiojabato.es\/index.php?rest_route=%2Fwp%2Fv2%2Fcategories&post=5181"},{"taxonomy":"post_tag","embeddable":true,"href":"https:\/\/radiojabato.es\/index.php?rest_route=%2Fwp%2Fv2%2Ftags&post=5181"}],"curies":[{"name":"wp","href":"https:\/\/api.w.org\/{rel}","templated":true}]}}