{"id":5146,"date":"2024-10-04T19:15:45","date_gmt":"2024-10-04T19:15:45","guid":{"rendered":"https:\/\/radiojabato.es\/?p=5146"},"modified":"2024-10-04T19:17:41","modified_gmt":"2024-10-04T19:17:41","slug":"porque-los-sugus-de-pina-son-azules-2","status":"publish","type":"post","link":"https:\/\/radiojabato.es\/?p=5146","title":{"rendered":"\u00bfPORQU\u00c9 LOS SUGUS DE PI\u00d1A SON AZULES? D\u00eda De La Sonrisa."},"content":{"rendered":"\n<iframe src=\"https:\/\/www.ivoox.com\/player_ej_134507066_6_1.html?c1=1f2043\" width=\"100%\" height=\"200\" frameborder=\"0\" allowfullscreen=\"\" scrolling=\"no\" loading=\"lazy\"><\/iframe>\n\n\n\n<figure class=\"wp-block-embed is-type-video is-provider-youtube wp-block-embed-youtube wp-embed-aspect-16-9 wp-has-aspect-ratio\"><div class=\"wp-block-embed__wrapper\">\n<iframe loading=\"lazy\" title=\"\u00bfPor Qu\u00e9 Los Sugus De Pi\u00f1a Son Azules? D\u00eda de la sonrisa.\" width=\"750\" height=\"422\" src=\"https:\/\/www.youtube.com\/embed\/M97YMMDS02g?feature=oembed\" frameborder=\"0\" allow=\"accelerometer; autoplay; clipboard-write; encrypted-media; gyroscope; picture-in-picture; web-share\" referrerpolicy=\"strict-origin-when-cross-origin\" allowfullscreen><\/iframe>\n<\/div><\/figure>\n\n\n\n<p>En este segundo programa repasamos el fin de semana anterior lleno de eventos como la Feria de Asociaciones de Coslada y en especial la Feria del Comercio de San Fernando de Henares donde, con sorpresa, hubo algunos lectores de Ana que la comentaron algunas cosillas que llegan al alma.<br>D\u00eda de la sonrisa y repasamos la importancia de la risa y la sonrisa, como influye en nosotras y en los dem\u00e1s, en nuestra salud, en nuestro dolor&#8230;<\/p>\n\n\n\n<figure class=\"wp-block-image size-full is-resized\"><img loading=\"lazy\" decoding=\"async\" width=\"719\" height=\"710\" src=\"https:\/\/radiojabato.es\/wp-content\/uploads\/2024\/10\/photo_2024-09-20_22-01-20.jpg\" alt=\"\" class=\"wp-image-5147\" style=\"width:144px;height:auto\" srcset=\"https:\/\/radiojabato.es\/wp-content\/uploads\/2024\/10\/photo_2024-09-20_22-01-20.jpg 719w, https:\/\/radiojabato.es\/wp-content\/uploads\/2024\/10\/photo_2024-09-20_22-01-20-300x296.jpg 300w\" sizes=\"auto, (max-width: 719px) 100vw, 719px\" \/><\/figure>\n","protected":false},"excerpt":{"rendered":"<p>En este segundo programa repasamos el fin de semana anterior lleno de eventos como la Feria de Asociaciones de Coslada y en especial la Feria del Comercio de San Fernando [&hellip;]<\/p>\n","protected":false},"author":2,"featured_media":0,"comment_status":"open","ping_status":"open","sticky":false,"template":"","format":"standard","meta":{"footnotes":""},"categories":[1588],"tags":[1592,1604,1551,1605,209,1606],"class_list":["post-5146","post","type-post","status-publish","format-standard","hentry","category-porque-los-sugus-de-pina-son-azules","tag-ana-arnaiz-2","tag-ayuda","tag-coaching","tag-dia-de-la-sonrisa","tag-psicologia","tag-por-que-los-sugus-de-pina-son-azules"],"_links":{"self":[{"href":"https:\/\/radiojabato.es\/index.php?rest_route=\/wp\/v2\/posts\/5146","targetHints":{"allow":["GET"]}}],"collection":[{"href":"https:\/\/radiojabato.es\/index.php?rest_route=\/wp\/v2\/posts"}],"about":[{"href":"https:\/\/radiojabato.es\/index.php?rest_route=\/wp\/v2\/types\/post"}],"author":[{"embeddable":true,"href":"https:\/\/radiojabato.es\/index.php?rest_route=\/wp\/v2\/users\/2"}],"replies":[{"embeddable":true,"href":"https:\/\/radiojabato.es\/index.php?rest_route=%2Fwp%2Fv2%2Fcomments&post=5146"}],"version-history":[{"count":2,"href":"https:\/\/radiojabato.es\/index.php?rest_route=\/wp\/v2\/posts\/5146\/revisions"}],"predecessor-version":[{"id":5149,"href":"https:\/\/radiojabato.es\/index.php?rest_route=\/wp\/v2\/posts\/5146\/revisions\/5149"}],"wp:attachment":[{"href":"https:\/\/radiojabato.es\/index.php?rest_route=%2Fwp%2Fv2%2Fmedia&parent=5146"}],"wp:term":[{"taxonomy":"category","embeddable":true,"href":"https:\/\/radiojabato.es\/index.php?rest_route=%2Fwp%2Fv2%2Fcategories&post=5146"},{"taxonomy":"post_tag","embeddable":true,"href":"https:\/\/radiojabato.es\/index.php?rest_route=%2Fwp%2Fv2%2Ftags&post=5146"}],"curies":[{"name":"wp","href":"https:\/\/api.w.org\/{rel}","templated":true}]}}