{"id":5126,"date":"2024-09-26T19:13:34","date_gmt":"2024-09-26T19:13:34","guid":{"rendered":"https:\/\/radiojabato.es\/?p=5126"},"modified":"2025-03-06T07:10:07","modified_gmt":"2025-03-06T07:10:07","slug":"coslada-accesible-exito-del-equipo-paralimpico-espanol","status":"publish","type":"post","link":"https:\/\/radiojabato.es\/?p=5126","title":{"rendered":"COSLADA ACCESIBLE: \u00ab\u00c9xito Del Equipo Paral\u00edmpico Espa\u00f1ol.\u00bb"},"content":{"rendered":"\n<iframe src=\"https:\/\/www.ivoox.com\/player_ej_133968076_6_1.html?c1=f9ea0c\" width=\"100%\" height=\"200\" frameborder=\"0\" allowfullscreen=\"\" scrolling=\"no\" loading=\"lazy\"><\/iframe>\n\n\n\n<figure class=\"wp-block-embed is-type-video is-provider-youtube wp-block-embed-youtube wp-embed-aspect-16-9 wp-has-aspect-ratio\"><div class=\"wp-block-embed__wrapper\">\n<iframe loading=\"lazy\" title=\"COSLADA ACCESIBLE: &quot;\u00c9xito Del Equipo Paral\u00edmpico Espa\u00f1ol.&quot;\" width=\"750\" height=\"422\" src=\"https:\/\/www.youtube.com\/embed\/008JxOvqKGc?feature=oembed\" frameborder=\"0\" allow=\"accelerometer; autoplay; clipboard-write; encrypted-media; gyroscope; picture-in-picture; web-share\" referrerpolicy=\"strict-origin-when-cross-origin\" allowfullscreen><\/iframe>\n<\/div><\/figure>\n\n\n\n<p>Una vez finalizada la cita Paral\u00edmpica de Par\u00eds 2024, volvemos a dialogar con Jaime Mulas, Coordinador de Relaciones con los Medios de la Federaci\u00f3n Espa\u00f1ola de Deporte para Ciegos (FEDC), para analizar las an\u00e9cdotas vividas en los d\u00edas de las competiciones y la sensaci\u00f3n de triunfo al aumentar el medallero respecto a las anteriores Paralimpiadas.<\/p>\n\n\n\n<figure class=\"wp-block-gallery has-nested-images columns-default is-cropped wp-block-gallery-1 is-layout-flex wp-block-gallery-is-layout-flex\">\n<figure class=\"wp-block-image size-large\"><img loading=\"lazy\" decoding=\"async\" width=\"281\" height=\"179\" data-id=\"5132\" src=\"https:\/\/radiojabato.es\/wp-content\/uploads\/2024\/09\/descarga-1.png\" alt=\"\" class=\"wp-image-5132\"\/><\/figure>\n<\/figure>\n","protected":false},"excerpt":{"rendered":"<p>Una vez finalizada la cita Paral\u00edmpica de Par\u00eds 2024, volvemos a dialogar con Jaime Mulas, Coordinador de Relaciones con los Medios de la Federaci\u00f3n Espa\u00f1ola de Deporte para Ciegos (FEDC), [&hellip;]<\/p>\n","protected":false},"author":2,"featured_media":0,"comment_status":"open","ping_status":"open","sticky":false,"template":"","format":"standard","meta":{"footnotes":""},"categories":[337],"tags":[338,332,1531,1600,1533],"class_list":["post-5126","post","type-post","status-publish","format-standard","hentry","category-coslada-accesible","tag-accesibilidad","tag-discapacidad","tag-fedc","tag-juegos-paralimpicos-2024","tag-paralimpiadas"],"_links":{"self":[{"href":"https:\/\/radiojabato.es\/index.php?rest_route=\/wp\/v2\/posts\/5126","targetHints":{"allow":["GET"]}}],"collection":[{"href":"https:\/\/radiojabato.es\/index.php?rest_route=\/wp\/v2\/posts"}],"about":[{"href":"https:\/\/radiojabato.es\/index.php?rest_route=\/wp\/v2\/types\/post"}],"author":[{"embeddable":true,"href":"https:\/\/radiojabato.es\/index.php?rest_route=\/wp\/v2\/users\/2"}],"replies":[{"embeddable":true,"href":"https:\/\/radiojabato.es\/index.php?rest_route=%2Fwp%2Fv2%2Fcomments&post=5126"}],"version-history":[{"count":2,"href":"https:\/\/radiojabato.es\/index.php?rest_route=\/wp\/v2\/posts\/5126\/revisions"}],"predecessor-version":[{"id":5770,"href":"https:\/\/radiojabato.es\/index.php?rest_route=\/wp\/v2\/posts\/5126\/revisions\/5770"}],"wp:attachment":[{"href":"https:\/\/radiojabato.es\/index.php?rest_route=%2Fwp%2Fv2%2Fmedia&parent=5126"}],"wp:term":[{"taxonomy":"category","embeddable":true,"href":"https:\/\/radiojabato.es\/index.php?rest_route=%2Fwp%2Fv2%2Fcategories&post=5126"},{"taxonomy":"post_tag","embeddable":true,"href":"https:\/\/radiojabato.es\/index.php?rest_route=%2Fwp%2Fv2%2Ftags&post=5126"}],"curies":[{"name":"wp","href":"https:\/\/api.w.org\/{rel}","templated":true}]}}