{"id":5114,"date":"2024-09-24T20:15:31","date_gmt":"2024-09-24T20:15:31","guid":{"rendered":"https:\/\/radiojabato.es\/?p=5114"},"modified":"2024-09-24T20:16:49","modified_gmt":"2024-09-24T20:16:49","slug":"accion-social-semana-europea-de-la-movilidad-dia-22-micro-abierto","status":"publish","type":"post","link":"https:\/\/radiojabato.es\/?p=5114","title":{"rendered":"A PIE DE CALLE: \u00abSemana Europea De La Movilidad, D\u00eda 22 Micro abierto.\u00bb"},"content":{"rendered":"\n<iframe src=\"https:\/\/www.ivoox.com\/player_ej_134146373_6_1.html?c1=040c0a\" width=\"100%\" height=\"200\" frameborder=\"0\" allowfullscreen=\"\" scrolling=\"no\" loading=\"lazy\"><\/iframe>\n\n\n\n<p>El Domingo d\u00eda 22, Calle abierta en la Calle de la Constituci\u00f3n de Coslada donde se ha cortado el tr\u00e1fico un tramo de la Avenida de la Constituci\u00f3n, entre Petra S\u00e1nchez y Bego\u00f1a, llena de actividades para todos los p\u00fablicos, exhibiciones de BMX; un circuito de habilidad ciclista y otro de educaci\u00f3n vial; talleres, cuentacuentos y pintacaras para los m\u00e1s peque\u00f1os; exposici\u00f3n de veh\u00edculos ecol\u00f3gicos; stands; un espectacular photocall y palomitas de ma\u00edz gratis para los asistentes. Adem\u00e1s, el \u00c1rea de Educaci\u00f3n ha ofrecido la posibilidad de probar bicicletas inclusivas en la Plaza Mayor.<\/p>\n\n\n\n<figure class=\"wp-block-gallery has-nested-images columns-default is-cropped wp-block-gallery-1 is-layout-flex wp-block-gallery-is-layout-flex\">\n<figure class=\"wp-block-image size-large\"><img loading=\"lazy\" decoding=\"async\" width=\"189\" height=\"266\" data-id=\"5120\" src=\"https:\/\/radiojabato.es\/wp-content\/uploads\/2024\/09\/descarga-5.jpg\" alt=\"\" class=\"wp-image-5120\"\/><\/figure>\n\n\n\n<figure class=\"wp-block-image size-large\"><img loading=\"lazy\" decoding=\"async\" width=\"1024\" height=\"478\" data-id=\"5121\" src=\"https:\/\/radiojabato.es\/wp-content\/uploads\/2024\/09\/photo_2024-09-24_22-11-12-1024x478.jpg\" alt=\"\" class=\"wp-image-5121\" srcset=\"https:\/\/radiojabato.es\/wp-content\/uploads\/2024\/09\/photo_2024-09-24_22-11-12-1024x478.jpg 1024w, https:\/\/radiojabato.es\/wp-content\/uploads\/2024\/09\/photo_2024-09-24_22-11-12-300x140.jpg 300w, https:\/\/radiojabato.es\/wp-content\/uploads\/2024\/09\/photo_2024-09-24_22-11-12-768x359.jpg 768w, https:\/\/radiojabato.es\/wp-content\/uploads\/2024\/09\/photo_2024-09-24_22-11-12.jpg 1280w\" sizes=\"auto, (max-width: 1024px) 100vw, 1024px\" \/><\/figure>\n\n\n\n<figure class=\"wp-block-image size-large\"><img loading=\"lazy\" decoding=\"async\" width=\"1024\" height=\"478\" data-id=\"5115\" src=\"https:\/\/radiojabato.es\/wp-content\/uploads\/2024\/09\/photo_2024-09-24_22-11-26-1024x478.jpg\" alt=\"\" class=\"wp-image-5115\" srcset=\"https:\/\/radiojabato.es\/wp-content\/uploads\/2024\/09\/photo_2024-09-24_22-11-26-1024x478.jpg 1024w, https:\/\/radiojabato.es\/wp-content\/uploads\/2024\/09\/photo_2024-09-24_22-11-26-300x140.jpg 300w, https:\/\/radiojabato.es\/wp-content\/uploads\/2024\/09\/photo_2024-09-24_22-11-26-768x359.jpg 768w, https:\/\/radiojabato.es\/wp-content\/uploads\/2024\/09\/photo_2024-09-24_22-11-26.jpg 1280w\" sizes=\"auto, (max-width: 1024px) 100vw, 1024px\" \/><\/figure>\n\n\n\n<figure class=\"wp-block-image size-large\"><img loading=\"lazy\" decoding=\"async\" width=\"1024\" height=\"478\" data-id=\"5117\" src=\"https:\/\/radiojabato.es\/wp-content\/uploads\/2024\/09\/photo_2024-09-24_22-11-40-1024x478.jpg\" alt=\"\" class=\"wp-image-5117\" srcset=\"https:\/\/radiojabato.es\/wp-content\/uploads\/2024\/09\/photo_2024-09-24_22-11-40-1024x478.jpg 1024w, https:\/\/radiojabato.es\/wp-content\/uploads\/2024\/09\/photo_2024-09-24_22-11-40-300x140.jpg 300w, https:\/\/radiojabato.es\/wp-content\/uploads\/2024\/09\/photo_2024-09-24_22-11-40-768x359.jpg 768w, https:\/\/radiojabato.es\/wp-content\/uploads\/2024\/09\/photo_2024-09-24_22-11-40.jpg 1280w\" sizes=\"auto, (max-width: 1024px) 100vw, 1024px\" \/><\/figure>\n\n\n\n<figure class=\"wp-block-image size-large\"><img loading=\"lazy\" decoding=\"async\" width=\"1024\" height=\"478\" data-id=\"5118\" src=\"https:\/\/radiojabato.es\/wp-content\/uploads\/2024\/09\/photo_2024-09-24_22-11-46-1024x478.jpg\" alt=\"\" class=\"wp-image-5118\" srcset=\"https:\/\/radiojabato.es\/wp-content\/uploads\/2024\/09\/photo_2024-09-24_22-11-46-1024x478.jpg 1024w, https:\/\/radiojabato.es\/wp-content\/uploads\/2024\/09\/photo_2024-09-24_22-11-46-300x140.jpg 300w, https:\/\/radiojabato.es\/wp-content\/uploads\/2024\/09\/photo_2024-09-24_22-11-46-768x359.jpg 768w, https:\/\/radiojabato.es\/wp-content\/uploads\/2024\/09\/photo_2024-09-24_22-11-46.jpg 1280w\" sizes=\"auto, (max-width: 1024px) 100vw, 1024px\" \/><\/figure>\n\n\n\n<figure class=\"wp-block-image size-large\"><img loading=\"lazy\" decoding=\"async\" width=\"1024\" height=\"478\" data-id=\"5116\" src=\"https:\/\/radiojabato.es\/wp-content\/uploads\/2024\/09\/photo_2024-09-24_22-11-53-1024x478.jpg\" alt=\"\" class=\"wp-image-5116\" srcset=\"https:\/\/radiojabato.es\/wp-content\/uploads\/2024\/09\/photo_2024-09-24_22-11-53-1024x478.jpg 1024w, https:\/\/radiojabato.es\/wp-content\/uploads\/2024\/09\/photo_2024-09-24_22-11-53-300x140.jpg 300w, https:\/\/radiojabato.es\/wp-content\/uploads\/2024\/09\/photo_2024-09-24_22-11-53-768x359.jpg 768w, https:\/\/radiojabato.es\/wp-content\/uploads\/2024\/09\/photo_2024-09-24_22-11-53.jpg 1280w\" sizes=\"auto, (max-width: 1024px) 100vw, 1024px\" \/><\/figure>\n\n\n\n<figure class=\"wp-block-image size-large\"><img loading=\"lazy\" decoding=\"async\" width=\"1024\" height=\"478\" data-id=\"5119\" src=\"https:\/\/radiojabato.es\/wp-content\/uploads\/2024\/09\/photo_2024-09-24_22-12-06-1024x478.jpg\" alt=\"\" class=\"wp-image-5119\" srcset=\"https:\/\/radiojabato.es\/wp-content\/uploads\/2024\/09\/photo_2024-09-24_22-12-06-1024x478.jpg 1024w, https:\/\/radiojabato.es\/wp-content\/uploads\/2024\/09\/photo_2024-09-24_22-12-06-300x140.jpg 300w, https:\/\/radiojabato.es\/wp-content\/uploads\/2024\/09\/photo_2024-09-24_22-12-06-768x359.jpg 768w, https:\/\/radiojabato.es\/wp-content\/uploads\/2024\/09\/photo_2024-09-24_22-12-06.jpg 1280w\" sizes=\"auto, (max-width: 1024px) 100vw, 1024px\" \/><\/figure>\n<\/figure>\n","protected":false},"excerpt":{"rendered":"<p>El Domingo d\u00eda 22, Calle abierta en la Calle de la Constituci\u00f3n de Coslada donde se ha cortado el tr\u00e1fico un tramo de la Avenida de la Constituci\u00f3n, entre Petra [&hellip;]<\/p>\n","protected":false},"author":2,"featured_media":0,"comment_status":"open","ping_status":"open","sticky":false,"template":"","format":"standard","meta":{"footnotes":""},"categories":[561],"tags":[1190,1258,57,667,141,656,980],"class_list":["post-5114","post","type-post","status-publish","format-standard","hentry","category-a-pie-de-calle","tag-angel-viveros-gutierrez","tag-avpaml7b","tag-coslada","tag-mas-madrid-coslada","tag-metro-madrid","tag-psoe-coslada","tag-sonia-murillo-martin"],"_links":{"self":[{"href":"https:\/\/radiojabato.es\/index.php?rest_route=\/wp\/v2\/posts\/5114","targetHints":{"allow":["GET"]}}],"collection":[{"href":"https:\/\/radiojabato.es\/index.php?rest_route=\/wp\/v2\/posts"}],"about":[{"href":"https:\/\/radiojabato.es\/index.php?rest_route=\/wp\/v2\/types\/post"}],"author":[{"embeddable":true,"href":"https:\/\/radiojabato.es\/index.php?rest_route=\/wp\/v2\/users\/2"}],"replies":[{"embeddable":true,"href":"https:\/\/radiojabato.es\/index.php?rest_route=%2Fwp%2Fv2%2Fcomments&post=5114"}],"version-history":[{"count":2,"href":"https:\/\/radiojabato.es\/index.php?rest_route=\/wp\/v2\/posts\/5114\/revisions"}],"predecessor-version":[{"id":5123,"href":"https:\/\/radiojabato.es\/index.php?rest_route=\/wp\/v2\/posts\/5114\/revisions\/5123"}],"wp:attachment":[{"href":"https:\/\/radiojabato.es\/index.php?rest_route=%2Fwp%2Fv2%2Fmedia&parent=5114"}],"wp:term":[{"taxonomy":"category","embeddable":true,"href":"https:\/\/radiojabato.es\/index.php?rest_route=%2Fwp%2Fv2%2Fcategories&post=5114"},{"taxonomy":"post_tag","embeddable":true,"href":"https:\/\/radiojabato.es\/index.php?rest_route=%2Fwp%2Fv2%2Ftags&post=5114"}],"curies":[{"name":"wp","href":"https:\/\/api.w.org\/{rel}","templated":true}]}}