{"id":5019,"date":"2024-08-13T18:47:23","date_gmt":"2024-08-13T18:47:23","guid":{"rendered":"https:\/\/radiojabato.es\/?p=5019"},"modified":"2024-08-13T18:47:24","modified_gmt":"2024-08-13T18:47:24","slug":"xqsomos1-mari-ejemplo-de-ciudadania-concienciada","status":"publish","type":"post","link":"https:\/\/radiojabato.es\/?p=5019","title":{"rendered":"XQsomos1+: \u00abMari, Ejemplo de Ciudadan\u00eda Concienciada.\u00bb"},"content":{"rendered":"\n<iframe src=\"https:\/\/www.ivoox.com\/player_ej_132774649_6_1.html?c1=3c3c3c\" width=\"100%\" height=\"200\" frameborder=\"0\" allowfullscreen=\"\" scrolling=\"no\" loading=\"lazy\"><\/iframe>\n\n\n\n<p>Nos acompa\u00f1a Mari, todo un ejemplo de ciudadana concienciada y en continua lucha activa para fomentar la integraci\u00f3n en la sociedad de toda persona con independencia de su condici\u00f3n de salud mental, para luchar contra el estigma que sufren las personas con Enfermedad Mental Grave.<br>Con Mari, hablaremos de diferentes puntos a lo largo de la entrevista. Concretamente, sobre c\u00f3mo podemos colaborar como ciudadanos e la lucha contra el estigma, de la importancia que puede tener acoger a toda persona independientemente de su condici\u00f3n de salud mental, de cu\u00e1les cree que son las principales causas del estigma hacia esta poblaci\u00f3n y c\u00f3mo considera ella que se podr\u00eda luchar contra el estigma, etc.<\/p>\n\n\n\n<figure class=\"wp-block-image size-full is-resized\"><img loading=\"lazy\" decoding=\"async\" width=\"400\" height=\"400\" src=\"https:\/\/radiojabato.es\/wp-content\/uploads\/2024\/08\/ep-5-mari.jpg\" alt=\"\" class=\"wp-image-5020\" style=\"width:193px;height:auto\" srcset=\"https:\/\/radiojabato.es\/wp-content\/uploads\/2024\/08\/ep-5-mari.jpg 400w, https:\/\/radiojabato.es\/wp-content\/uploads\/2024\/08\/ep-5-mari-300x300.jpg 300w, https:\/\/radiojabato.es\/wp-content\/uploads\/2024\/08\/ep-5-mari-150x150.jpg 150w\" sizes=\"auto, (max-width: 400px) 100vw, 400px\" \/><\/figure>\n","protected":false},"excerpt":{"rendered":"<p>Nos acompa\u00f1a Mari, todo un ejemplo de ciudadana concienciada y en continua lucha activa para fomentar la integraci\u00f3n en la sociedad de toda persona con independencia de su condici\u00f3n de [&hellip;]<\/p>\n","protected":false},"author":2,"featured_media":0,"comment_status":"open","ping_status":"open","sticky":false,"template":"","format":"standard","meta":{"footnotes":""},"categories":[1449],"tags":[1062,988,209,309,305],"class_list":["post-5019","post","type-post","status-publish","format-standard","hentry","category-xq-somos-1","tag-enfermedad-mental-grave","tag-estigma-social","tag-psicologia","tag-psiquiatria","tag-salud-mental"],"_links":{"self":[{"href":"https:\/\/radiojabato.es\/index.php?rest_route=\/wp\/v2\/posts\/5019","targetHints":{"allow":["GET"]}}],"collection":[{"href":"https:\/\/radiojabato.es\/index.php?rest_route=\/wp\/v2\/posts"}],"about":[{"href":"https:\/\/radiojabato.es\/index.php?rest_route=\/wp\/v2\/types\/post"}],"author":[{"embeddable":true,"href":"https:\/\/radiojabato.es\/index.php?rest_route=\/wp\/v2\/users\/2"}],"replies":[{"embeddable":true,"href":"https:\/\/radiojabato.es\/index.php?rest_route=%2Fwp%2Fv2%2Fcomments&post=5019"}],"version-history":[{"count":1,"href":"https:\/\/radiojabato.es\/index.php?rest_route=\/wp\/v2\/posts\/5019\/revisions"}],"predecessor-version":[{"id":5021,"href":"https:\/\/radiojabato.es\/index.php?rest_route=\/wp\/v2\/posts\/5019\/revisions\/5021"}],"wp:attachment":[{"href":"https:\/\/radiojabato.es\/index.php?rest_route=%2Fwp%2Fv2%2Fmedia&parent=5019"}],"wp:term":[{"taxonomy":"category","embeddable":true,"href":"https:\/\/radiojabato.es\/index.php?rest_route=%2Fwp%2Fv2%2Fcategories&post=5019"},{"taxonomy":"post_tag","embeddable":true,"href":"https:\/\/radiojabato.es\/index.php?rest_route=%2Fwp%2Fv2%2Ftags&post=5019"}],"curies":[{"name":"wp","href":"https:\/\/api.w.org\/{rel}","templated":true}]}}