{"id":4979,"date":"2024-07-24T06:51:53","date_gmt":"2024-07-24T06:51:53","guid":{"rendered":"https:\/\/radiojabato.es\/?p=4979"},"modified":"2024-07-24T07:00:36","modified_gmt":"2024-07-24T07:00:36","slug":"coslada-accesible-paralimpiadas-paris-2024","status":"publish","type":"post","link":"https:\/\/radiojabato.es\/?p=4979","title":{"rendered":"Coslada accesible: \u00abParalimpiadas Par\u00eds 2024\u00bb"},"content":{"rendered":"\n<iframe frameborder='0' allowfullscreen='' scrolling='no' height='200' style='width:100%;' src='https:\/\/www.ivoox.com\/player_ej_131970974_6_1.html?c1=f9ea0c' loading='lazy'><\/iframe>\n\n\n\n<p>Aproximadamente en un mes comienzan las \u00abParalimpiadas de Par\u00eds 2024\u00bb, entrevistamos a Jaime Mulas, Coordinador de Relaciones con los Medios de la Federaci\u00f3n Espa\u00f1ola de Deportes Par Ciegos. Nos cuenta como est\u00e1n nuestros deportistas, las expectativas para esta cita deportiva mundial, el trabajo y sacrificio hasta llegar a ser deportistas discapacitados de \u00e9lite y nos informa de la convocatoria definitiva, realizada por el Comit\u00e9 Paral\u00edmpico Espa\u00f1ol.<\/p>\n\n\n\n<figure class=\"wp-block-image size-full is-resized\"><img loading=\"lazy\" decoding=\"async\" width=\"225\" height=\"225\" src=\"https:\/\/radiojabato.es\/wp-content\/uploads\/2024\/07\/Jaime-mulas-1.jpg\" alt=\"\" class=\"wp-image-4982\" style=\"width:107px;height:auto\" srcset=\"https:\/\/radiojabato.es\/wp-content\/uploads\/2024\/07\/Jaime-mulas-1.jpg 225w, https:\/\/radiojabato.es\/wp-content\/uploads\/2024\/07\/Jaime-mulas-1-150x150.jpg 150w\" sizes=\"auto, (max-width: 225px) 100vw, 225px\" \/><\/figure>\n\n\n\n<figure class=\"wp-block-image size-full\"><img loading=\"lazy\" decoding=\"async\" width=\"144\" height=\"215\" src=\"https:\/\/radiojabato.es\/wp-content\/uploads\/2024\/07\/Depor-para-ciegos-1.jpg\" alt=\"\" class=\"wp-image-4983\"\/><\/figure>\n","protected":false},"excerpt":{"rendered":"<p>Aproximadamente en un mes comienzan las \u00abParalimpiadas de Par\u00eds 2024\u00bb, entrevistamos a Jaime Mulas, Coordinador de Relaciones con los Medios de la Federaci\u00f3n Espa\u00f1ola de Deportes Par Ciegos. Nos cuenta [&hellip;]<\/p>\n","protected":false},"author":2,"featured_media":0,"comment_status":"open","ping_status":"open","sticky":false,"template":"","format":"standard","meta":{"footnotes":""},"categories":[337],"tags":[338,332,1531,1530,883,1532,1533,48],"class_list":["post-4979","post","type-post","status-publish","format-standard","hentry","category-coslada-accesible","tag-accesibilidad","tag-discapacidad","tag-fedc","tag-federacion-espanola-de-deportes-para-ciegos","tag-ismael-calle","tag-juegos-olimpicos","tag-paralimpiadas","tag-radio-jabato"],"_links":{"self":[{"href":"https:\/\/radiojabato.es\/index.php?rest_route=\/wp\/v2\/posts\/4979","targetHints":{"allow":["GET"]}}],"collection":[{"href":"https:\/\/radiojabato.es\/index.php?rest_route=\/wp\/v2\/posts"}],"about":[{"href":"https:\/\/radiojabato.es\/index.php?rest_route=\/wp\/v2\/types\/post"}],"author":[{"embeddable":true,"href":"https:\/\/radiojabato.es\/index.php?rest_route=\/wp\/v2\/users\/2"}],"replies":[{"embeddable":true,"href":"https:\/\/radiojabato.es\/index.php?rest_route=%2Fwp%2Fv2%2Fcomments&post=4979"}],"version-history":[{"count":1,"href":"https:\/\/radiojabato.es\/index.php?rest_route=\/wp\/v2\/posts\/4979\/revisions"}],"predecessor-version":[{"id":4984,"href":"https:\/\/radiojabato.es\/index.php?rest_route=\/wp\/v2\/posts\/4979\/revisions\/4984"}],"wp:attachment":[{"href":"https:\/\/radiojabato.es\/index.php?rest_route=%2Fwp%2Fv2%2Fmedia&parent=4979"}],"wp:term":[{"taxonomy":"category","embeddable":true,"href":"https:\/\/radiojabato.es\/index.php?rest_route=%2Fwp%2Fv2%2Fcategories&post=4979"},{"taxonomy":"post_tag","embeddable":true,"href":"https:\/\/radiojabato.es\/index.php?rest_route=%2Fwp%2Fv2%2Ftags&post=4979"}],"curies":[{"name":"wp","href":"https:\/\/api.w.org\/{rel}","templated":true}]}}