{"id":4961,"date":"2024-07-15T21:33:54","date_gmt":"2024-07-15T21:33:54","guid":{"rendered":"https:\/\/radiojabato.es\/?p=4961"},"modified":"2024-07-15T21:33:55","modified_gmt":"2024-07-15T21:33:55","slug":"radio-aspimip-presentacion-radio-aspimip","status":"publish","type":"post","link":"https:\/\/radiojabato.es\/?p=4961","title":{"rendered":"RADIO ASPIMIP: \u00abPresentaci\u00f3n Radio Aspimip.\u00bb"},"content":{"rendered":"\n<iframe frameborder='0' allowfullscreen='' scrolling='no' height='200' style='width:100%;' src='https:\/\/www.ivoox.com\/player_ej_131657940_6_1.html?c1=a5c641' loading='lazy'><\/iframe>\n\n\n\n<p>Presentamos el programa que despu\u00e9s del veranito ASPIMIP realizar\u00e1 en Radio Jabato donde se hablar\u00e1 y nos explicar\u00e1n como todas las personas que forman parte de ASPIMIP, y las que no, con discapacidad intelectual debe tener la oportunidad de conocer y vivir su entorno, d\u00e1ndonos a la vez la posibilidad al resto de los \u201cnormales\u201d, a trav\u00e9s de ese contacto real, de conocer este mundo tan rico \u201cde la diferencia\u201d.<br>En este primer programa Laura, Lucas, Cristina y Pamela, acompa\u00f1ados por Juan Carlos nos dan un primer contacto con las actividades que ir\u00e1n haciendo.<br>GRACIAS!!!<\/p>\n\n\n\n<figure class=\"wp-block-gallery has-nested-images columns-default is-cropped wp-block-gallery-1 is-layout-flex wp-block-gallery-is-layout-flex\">\n<figure class=\"wp-block-image size-large\"><img loading=\"lazy\" decoding=\"async\" width=\"259\" height=\"194\" data-id=\"4962\" src=\"https:\/\/radiojabato.es\/wp-content\/uploads\/2024\/07\/images.jpg\" alt=\"\" class=\"wp-image-4962\"\/><\/figure>\n\n\n\n<figure class=\"wp-block-image size-large\"><img loading=\"lazy\" decoding=\"async\" width=\"1024\" height=\"768\" data-id=\"4964\" src=\"https:\/\/radiojabato.es\/wp-content\/uploads\/2024\/07\/photo_2024-07-15_23-02-34-1024x768.jpg\" alt=\"\" class=\"wp-image-4964\" srcset=\"https:\/\/radiojabato.es\/wp-content\/uploads\/2024\/07\/photo_2024-07-15_23-02-34-1024x768.jpg 1024w, https:\/\/radiojabato.es\/wp-content\/uploads\/2024\/07\/photo_2024-07-15_23-02-34-300x225.jpg 300w, https:\/\/radiojabato.es\/wp-content\/uploads\/2024\/07\/photo_2024-07-15_23-02-34-768x576.jpg 768w, https:\/\/radiojabato.es\/wp-content\/uploads\/2024\/07\/photo_2024-07-15_23-02-34.jpg 1280w\" sizes=\"auto, (max-width: 1024px) 100vw, 1024px\" \/><\/figure>\n\n\n\n<figure class=\"wp-block-image size-large\"><img loading=\"lazy\" decoding=\"async\" width=\"1024\" height=\"768\" data-id=\"4963\" src=\"https:\/\/radiojabato.es\/wp-content\/uploads\/2024\/07\/photo_2024-07-15_23-02-47-1024x768.jpg\" alt=\"\" class=\"wp-image-4963\" srcset=\"https:\/\/radiojabato.es\/wp-content\/uploads\/2024\/07\/photo_2024-07-15_23-02-47-1024x768.jpg 1024w, https:\/\/radiojabato.es\/wp-content\/uploads\/2024\/07\/photo_2024-07-15_23-02-47-300x225.jpg 300w, https:\/\/radiojabato.es\/wp-content\/uploads\/2024\/07\/photo_2024-07-15_23-02-47-768x576.jpg 768w, https:\/\/radiojabato.es\/wp-content\/uploads\/2024\/07\/photo_2024-07-15_23-02-47.jpg 1280w\" sizes=\"auto, (max-width: 1024px) 100vw, 1024px\" \/><\/figure>\n<\/figure>\n","protected":false},"excerpt":{"rendered":"<p>Presentamos el programa que despu\u00e9s del veranito ASPIMIP realizar\u00e1 en Radio Jabato donde se hablar\u00e1 y nos explicar\u00e1n como todas las personas que forman parte de ASPIMIP, y las que [&hellip;]<\/p>\n","protected":false},"author":2,"featured_media":0,"comment_status":"open","ping_status":"open","sticky":false,"template":"","format":"standard","meta":{"footnotes":""},"categories":[1514],"tags":[83,1517,84,1515,1516],"class_list":["post-4961","post","type-post","status-publish","format-standard","hentry","category-radio-aspimip","tag-aspimip","tag-discapacidad-intelectual","tag-diversidad","tag-inclusion","tag-radio-aspimip"],"_links":{"self":[{"href":"https:\/\/radiojabato.es\/index.php?rest_route=\/wp\/v2\/posts\/4961","targetHints":{"allow":["GET"]}}],"collection":[{"href":"https:\/\/radiojabato.es\/index.php?rest_route=\/wp\/v2\/posts"}],"about":[{"href":"https:\/\/radiojabato.es\/index.php?rest_route=\/wp\/v2\/types\/post"}],"author":[{"embeddable":true,"href":"https:\/\/radiojabato.es\/index.php?rest_route=\/wp\/v2\/users\/2"}],"replies":[{"embeddable":true,"href":"https:\/\/radiojabato.es\/index.php?rest_route=%2Fwp%2Fv2%2Fcomments&post=4961"}],"version-history":[{"count":1,"href":"https:\/\/radiojabato.es\/index.php?rest_route=\/wp\/v2\/posts\/4961\/revisions"}],"predecessor-version":[{"id":4965,"href":"https:\/\/radiojabato.es\/index.php?rest_route=\/wp\/v2\/posts\/4961\/revisions\/4965"}],"wp:attachment":[{"href":"https:\/\/radiojabato.es\/index.php?rest_route=%2Fwp%2Fv2%2Fmedia&parent=4961"}],"wp:term":[{"taxonomy":"category","embeddable":true,"href":"https:\/\/radiojabato.es\/index.php?rest_route=%2Fwp%2Fv2%2Fcategories&post=4961"},{"taxonomy":"post_tag","embeddable":true,"href":"https:\/\/radiojabato.es\/index.php?rest_route=%2Fwp%2Fv2%2Ftags&post=4961"}],"curies":[{"name":"wp","href":"https:\/\/api.w.org\/{rel}","templated":true}]}}