{"id":4793,"date":"2024-06-02T11:28:20","date_gmt":"2024-06-02T11:28:20","guid":{"rendered":"https:\/\/radiojabato.es\/?p=4793"},"modified":"2024-06-02T11:32:56","modified_gmt":"2024-06-02T11:32:56","slug":"fundacion-triangulo-entrevista-a-jesus-barrios-caamano-jbc_and_thecity-y-julspull-julspull","status":"publish","type":"post","link":"https:\/\/radiojabato.es\/?p=4793","title":{"rendered":"FUNDACION TRI\u00c1NGULO. Entrevista a Jesus Barrio Caama\u00f1o ( @jbc_and_thecity ) y Julspull ( @julspull )"},"content":{"rendered":"\n<p>En este nuevo programa de @f.triangulocosladaysanfer tendremos una amena y muy agradable charla conducida por Carlos Reina con estos dos artistas, referentes culturales y creadores. En el caso de Jes\u00fas como escritor, director de cine y creador en m\u00faltiples disciplinas, con el que trataremos su obra, su visi\u00f3n cultural actual del movimiento y muchos temas m\u00e1s. Y con Julspull conversaremos sobre su m\u00fasica, c\u00f3mo la entiende, sobre el panorama musical y escucharemos parte de su obra, la cual, actualmente est\u00e1 promocionando y est\u00e1 disponible en todas las plataformas de m\u00fasica y video. Disfrutad de estos grandes autores.<\/p>\n\n\n\n<iframe src=\"https:\/\/www.ivoox.com\/player_ej_129732342_6_1.html?c1=a60707\" width=\"100%\" height=\"200\" frameborder=\"0\" allowfullscreen=\"\" scrolling=\"no\" loading=\"lazy\"><\/iframe>\n","protected":false},"excerpt":{"rendered":"<p>En este nuevo programa de @f.triangulocosladaysanfer tendremos una amena y muy agradable charla conducida por Carlos Reina con estos dos artistas, referentes culturales y creadores. En el caso de Jes\u00fas [&hellip;]<\/p>\n","protected":false},"author":9,"featured_media":0,"comment_status":"open","ping_status":"open","sticky":false,"template":"","format":"standard","meta":{"footnotes":""},"categories":[1123],"tags":[1446],"class_list":["post-4793","post","type-post","status-publish","format-standard","hentry","category-fundacion-triangulo-coslada-y-sanfer","tag-entrevista-lgtbiq-activismo-musica-cultura"],"_links":{"self":[{"href":"https:\/\/radiojabato.es\/index.php?rest_route=\/wp\/v2\/posts\/4793","targetHints":{"allow":["GET"]}}],"collection":[{"href":"https:\/\/radiojabato.es\/index.php?rest_route=\/wp\/v2\/posts"}],"about":[{"href":"https:\/\/radiojabato.es\/index.php?rest_route=\/wp\/v2\/types\/post"}],"author":[{"embeddable":true,"href":"https:\/\/radiojabato.es\/index.php?rest_route=\/wp\/v2\/users\/9"}],"replies":[{"embeddable":true,"href":"https:\/\/radiojabato.es\/index.php?rest_route=%2Fwp%2Fv2%2Fcomments&post=4793"}],"version-history":[{"count":2,"href":"https:\/\/radiojabato.es\/index.php?rest_route=\/wp\/v2\/posts\/4793\/revisions"}],"predecessor-version":[{"id":4795,"href":"https:\/\/radiojabato.es\/index.php?rest_route=\/wp\/v2\/posts\/4793\/revisions\/4795"}],"wp:attachment":[{"href":"https:\/\/radiojabato.es\/index.php?rest_route=%2Fwp%2Fv2%2Fmedia&parent=4793"}],"wp:term":[{"taxonomy":"category","embeddable":true,"href":"https:\/\/radiojabato.es\/index.php?rest_route=%2Fwp%2Fv2%2Fcategories&post=4793"},{"taxonomy":"post_tag","embeddable":true,"href":"https:\/\/radiojabato.es\/index.php?rest_route=%2Fwp%2Fv2%2Ftags&post=4793"}],"curies":[{"name":"wp","href":"https:\/\/api.w.org\/{rel}","templated":true}]}}