{"id":4769,"date":"2024-05-31T20:22:39","date_gmt":"2024-05-31T20:22:39","guid":{"rendered":"https:\/\/radiojabato.es\/?p=4769"},"modified":"2024-05-31T20:22:41","modified_gmt":"2024-05-31T20:22:41","slug":"abrimos-la-puerta-escuela-publica-de-tods-para-tods","status":"publish","type":"post","link":"https:\/\/radiojabato.es\/?p=4769","title":{"rendered":"ABRIMOS LA PUERTA: \u00abEscuela P\u00fablica de tod@s para tod@s.\u00bb"},"content":{"rendered":"\n<iframe frameborder='0' allowfullscreen='' scrolling='no' height='200' style='width:100%;' src='https:\/\/www.ivoox.com\/player_ej_129699827_6_1.html?c1=d21313' loading='lazy'><\/iframe>\n\n\n\n<p>Abrimos la Puerta en Radio Jabato a \u00c1ngeles, Pepe y Dani. Son docentes de educaci\u00f3n p\u00fablica y son parte de la Asamblea de M\u00f3stoles por la Educaci\u00f3n P\u00fablica. Nos cuentan sus reivindicaciones, los problemas actuales en la ense\u00f1anza p\u00fablica, la repercusi\u00f3n que tiene en l@s docentes, l@s alumnos, la sociedad.<br>Nos explican much\u00edsimas cosas sobre el problema que atraviesa la Educaci\u00f3n P\u00fablica. Mejor&#8230;\u00a1ESCUCHADLES!<\/p>\n\n\n\n<figure class=\"wp-block-image size-large is-resized\"><img loading=\"lazy\" decoding=\"async\" width=\"734\" height=\"1024\" src=\"https:\/\/radiojabato.es\/wp-content\/uploads\/2024\/05\/photo_2024-05-31_22-06-19-734x1024.jpg\" alt=\"\" class=\"wp-image-4770\" style=\"width:141px;height:auto\" srcset=\"https:\/\/radiojabato.es\/wp-content\/uploads\/2024\/05\/photo_2024-05-31_22-06-19-734x1024.jpg 734w, https:\/\/radiojabato.es\/wp-content\/uploads\/2024\/05\/photo_2024-05-31_22-06-19-215x300.jpg 215w, https:\/\/radiojabato.es\/wp-content\/uploads\/2024\/05\/photo_2024-05-31_22-06-19-768x1072.jpg 768w, https:\/\/radiojabato.es\/wp-content\/uploads\/2024\/05\/photo_2024-05-31_22-06-19.jpg 917w\" sizes=\"auto, (max-width: 734px) 100vw, 734px\" \/><\/figure>\n","protected":false},"excerpt":{"rendered":"<p>Abrimos la Puerta en Radio Jabato a \u00c1ngeles, Pepe y Dani. Son docentes de educaci\u00f3n p\u00fablica y son parte de la Asamblea de M\u00f3stoles por la Educaci\u00f3n P\u00fablica. Nos cuentan [&hellip;]<\/p>\n","protected":false},"author":2,"featured_media":0,"comment_status":"open","ping_status":"open","sticky":false,"template":"","format":"standard","meta":{"footnotes":""},"categories":[784],"tags":[1275,1435,849,1436],"class_list":["post-4769","post","type-post","status-publish","format-standard","hentry","category-abrimos-la-puerta","tag-ana-lopez-khi-2","tag-asamblea-de-mostoles-por-la-educacion-publica","tag-educacion-publica","tag-ensenanza-publica"],"_links":{"self":[{"href":"https:\/\/radiojabato.es\/index.php?rest_route=\/wp\/v2\/posts\/4769","targetHints":{"allow":["GET"]}}],"collection":[{"href":"https:\/\/radiojabato.es\/index.php?rest_route=\/wp\/v2\/posts"}],"about":[{"href":"https:\/\/radiojabato.es\/index.php?rest_route=\/wp\/v2\/types\/post"}],"author":[{"embeddable":true,"href":"https:\/\/radiojabato.es\/index.php?rest_route=\/wp\/v2\/users\/2"}],"replies":[{"embeddable":true,"href":"https:\/\/radiojabato.es\/index.php?rest_route=%2Fwp%2Fv2%2Fcomments&post=4769"}],"version-history":[{"count":1,"href":"https:\/\/radiojabato.es\/index.php?rest_route=\/wp\/v2\/posts\/4769\/revisions"}],"predecessor-version":[{"id":4771,"href":"https:\/\/radiojabato.es\/index.php?rest_route=\/wp\/v2\/posts\/4769\/revisions\/4771"}],"wp:attachment":[{"href":"https:\/\/radiojabato.es\/index.php?rest_route=%2Fwp%2Fv2%2Fmedia&parent=4769"}],"wp:term":[{"taxonomy":"category","embeddable":true,"href":"https:\/\/radiojabato.es\/index.php?rest_route=%2Fwp%2Fv2%2Fcategories&post=4769"},{"taxonomy":"post_tag","embeddable":true,"href":"https:\/\/radiojabato.es\/index.php?rest_route=%2Fwp%2Fv2%2Ftags&post=4769"}],"curies":[{"name":"wp","href":"https:\/\/api.w.org\/{rel}","templated":true}]}}