{"id":4695,"date":"2024-05-14T20:38:56","date_gmt":"2024-05-14T20:38:56","guid":{"rendered":"https:\/\/radiojabato.es\/?p=4695"},"modified":"2024-05-14T20:38:57","modified_gmt":"2024-05-14T20:38:57","slug":"accion-social-asociacion-nacional-de-hipertension-pulmonar","status":"publish","type":"post","link":"https:\/\/radiojabato.es\/?p=4695","title":{"rendered":"ACCI\u00d3N SOCIAL: \u00abAsociaci\u00f3n Nacional de Hipertensi\u00f3n Pulmonar.\u00bb"},"content":{"rendered":"\n<iframe frameborder='0' allowfullscreen='' scrolling='no' height='200' style='width:100%;' src='https:\/\/www.ivoox.com\/player_ej_128908232_6_1.html?c1=cc100f' loading='lazy'><\/iframe>\n\n\n\n<p>Entrevistamos a Eva Garc\u00eda (Presidenta), Sara (Trabajadora Social) y Ricardo (Cuidador) como representaci\u00f3n de la Asociaci\u00f3n Nacional de Hipertensi\u00f3n.<br>Tratamos la situaci\u00f3n de esta enfermedad rara y, como tantas otras, su dificultad de diagn\u00f3stico, su confusi\u00f3n con s\u00edntomas de otras m\u00e1s \u00abnormales\u00bb y su sesgo de g\u00e9nero donde la mayor\u00eda de afectadas son mujeres y sus s\u00edntomas son achacados a las \u00abcosas de mujeres\u00bb.<br>El enfoque social y el acompa\u00f1amiento que se realiza a las afectadas y afectados, los estigmas y la situaci\u00f3n de los y las \u00abcuidadoras\u00bb.<br>Y m\u00e1s&#8230;<\/p>\n\n\n\n<figure class=\"wp-block-gallery has-nested-images columns-default is-cropped wp-block-gallery-1 is-layout-flex wp-block-gallery-is-layout-flex\">\n<figure class=\"wp-block-image size-large\"><img loading=\"lazy\" decoding=\"async\" width=\"259\" height=\"300\" data-id=\"4696\" src=\"https:\/\/radiojabato.es\/wp-content\/uploads\/2024\/05\/117.jpg\" alt=\"\" class=\"wp-image-4696\"\/><\/figure>\n\n\n\n<figure class=\"wp-block-image size-large\"><img loading=\"lazy\" decoding=\"async\" width=\"1024\" height=\"768\" data-id=\"4699\" src=\"https:\/\/radiojabato.es\/wp-content\/uploads\/2024\/05\/photo_2024-05-14_22-06-18-1024x768.jpg\" alt=\"\" class=\"wp-image-4699\" srcset=\"https:\/\/radiojabato.es\/wp-content\/uploads\/2024\/05\/photo_2024-05-14_22-06-18-1024x768.jpg 1024w, https:\/\/radiojabato.es\/wp-content\/uploads\/2024\/05\/photo_2024-05-14_22-06-18-300x225.jpg 300w, https:\/\/radiojabato.es\/wp-content\/uploads\/2024\/05\/photo_2024-05-14_22-06-18-768x576.jpg 768w, https:\/\/radiojabato.es\/wp-content\/uploads\/2024\/05\/photo_2024-05-14_22-06-18.jpg 1280w\" sizes=\"auto, (max-width: 1024px) 100vw, 1024px\" \/><\/figure>\n\n\n\n<figure class=\"wp-block-image size-large\"><img loading=\"lazy\" decoding=\"async\" width=\"1024\" height=\"768\" data-id=\"4698\" src=\"https:\/\/radiojabato.es\/wp-content\/uploads\/2024\/05\/photo_2024-05-14_22-06-34-1024x768.jpg\" alt=\"\" class=\"wp-image-4698\" srcset=\"https:\/\/radiojabato.es\/wp-content\/uploads\/2024\/05\/photo_2024-05-14_22-06-34-1024x768.jpg 1024w, https:\/\/radiojabato.es\/wp-content\/uploads\/2024\/05\/photo_2024-05-14_22-06-34-300x225.jpg 300w, https:\/\/radiojabato.es\/wp-content\/uploads\/2024\/05\/photo_2024-05-14_22-06-34-768x576.jpg 768w, https:\/\/radiojabato.es\/wp-content\/uploads\/2024\/05\/photo_2024-05-14_22-06-34.jpg 1280w\" sizes=\"auto, (max-width: 1024px) 100vw, 1024px\" \/><\/figure>\n\n\n\n<figure class=\"wp-block-image size-large\"><img loading=\"lazy\" decoding=\"async\" width=\"1024\" height=\"768\" data-id=\"4697\" src=\"https:\/\/radiojabato.es\/wp-content\/uploads\/2024\/05\/photo_2024-05-14_22-06-43-1024x768.jpg\" alt=\"\" class=\"wp-image-4697\" srcset=\"https:\/\/radiojabato.es\/wp-content\/uploads\/2024\/05\/photo_2024-05-14_22-06-43-1024x768.jpg 1024w, https:\/\/radiojabato.es\/wp-content\/uploads\/2024\/05\/photo_2024-05-14_22-06-43-300x225.jpg 300w, https:\/\/radiojabato.es\/wp-content\/uploads\/2024\/05\/photo_2024-05-14_22-06-43-768x576.jpg 768w, https:\/\/radiojabato.es\/wp-content\/uploads\/2024\/05\/photo_2024-05-14_22-06-43.jpg 1280w\" sizes=\"auto, (max-width: 1024px) 100vw, 1024px\" \/><\/figure>\n<\/figure>\n","protected":false},"excerpt":{"rendered":"<p>Entrevistamos a Eva Garc\u00eda (Presidenta), Sara (Trabajadora Social) y Ricardo (Cuidador) como representaci\u00f3n de la Asociaci\u00f3n Nacional de Hipertensi\u00f3n.Tratamos la situaci\u00f3n de esta enfermedad rara y, como tantas otras, su [&hellip;]<\/p>\n","protected":false},"author":2,"featured_media":0,"comment_status":"open","ping_status":"open","sticky":false,"template":"","format":"standard","meta":{"footnotes":""},"categories":[8],"tags":[1395,1396,329,1218],"class_list":["post-4695","post","type-post","status-publish","format-standard","hentry","category-accion-social","tag-asociacion-nacional-de-hipertension-arterial","tag-enfermedad-rara","tag-enfermedades-raras","tag-estigmas"],"_links":{"self":[{"href":"https:\/\/radiojabato.es\/index.php?rest_route=\/wp\/v2\/posts\/4695","targetHints":{"allow":["GET"]}}],"collection":[{"href":"https:\/\/radiojabato.es\/index.php?rest_route=\/wp\/v2\/posts"}],"about":[{"href":"https:\/\/radiojabato.es\/index.php?rest_route=\/wp\/v2\/types\/post"}],"author":[{"embeddable":true,"href":"https:\/\/radiojabato.es\/index.php?rest_route=\/wp\/v2\/users\/2"}],"replies":[{"embeddable":true,"href":"https:\/\/radiojabato.es\/index.php?rest_route=%2Fwp%2Fv2%2Fcomments&post=4695"}],"version-history":[{"count":1,"href":"https:\/\/radiojabato.es\/index.php?rest_route=\/wp\/v2\/posts\/4695\/revisions"}],"predecessor-version":[{"id":4700,"href":"https:\/\/radiojabato.es\/index.php?rest_route=\/wp\/v2\/posts\/4695\/revisions\/4700"}],"wp:attachment":[{"href":"https:\/\/radiojabato.es\/index.php?rest_route=%2Fwp%2Fv2%2Fmedia&parent=4695"}],"wp:term":[{"taxonomy":"category","embeddable":true,"href":"https:\/\/radiojabato.es\/index.php?rest_route=%2Fwp%2Fv2%2Fcategories&post=4695"},{"taxonomy":"post_tag","embeddable":true,"href":"https:\/\/radiojabato.es\/index.php?rest_route=%2Fwp%2Fv2%2Ftags&post=4695"}],"curies":[{"name":"wp","href":"https:\/\/api.w.org\/{rel}","templated":true}]}}