{"id":4650,"date":"2024-04-29T12:51:46","date_gmt":"2024-04-29T12:51:46","guid":{"rendered":"https:\/\/radiojabato.es\/?p=4650"},"modified":"2024-04-29T12:51:46","modified_gmt":"2024-04-29T12:51:46","slug":"a-pie-de-calle-rueda-de-prensa-aspimip-juicio-ganado-al-ayuntamiento-seguimos-luchando","status":"publish","type":"post","link":"https:\/\/radiojabato.es\/?p=4650","title":{"rendered":"A PIE DE CALLE: \u00abRueda de prensa ASPIMIP, juicio ganado al Ayuntamiento, seguimos luchando.\u00bb"},"content":{"rendered":"\n<iframe frameborder='0' allowfullscreen='' scrolling='no' height='200' style='width:100%;' src='https:\/\/www.ivoox.com\/player_ej_128173192_6_1.html?c1=04040c' loading='lazy'><\/iframe>\n\n\n\n<p>ASPIMIP, Asociaci\u00f3n para la inclusi\u00f3n social de las personas con diversidad funcional de la Comunidad de Madrid, ha requerido la presencia de medios de comunicaci\u00f3n para explicar la sentencia a su favor del proceso iniciado por el Ayuntamiento de Coslada tras los hechos acaecidos en la Concejal\u00eda de Servicios Sociales y provocaron las denuncias, por lo penal, solicitando c\u00e1rcel y elevadas multas, a familias que acudieron a una reuni\u00f3n, con el Concejal en aquel entonces, Santiago de Miguel y el equipo de gobierno.<br>Pese a quedar a\u00fan cinco juicios m\u00e1s por celebrar, se espera similar resultado y se reclama que, ya no estando los concejales \u00abvengativos\u00bb en el equipo de gobierno, se evolucione y se creen los recursos que llevaron a realizar movilizaciones contra el anterior equipo de gobierno y en especial la concejal\u00eda de Servicios Sociales gestionada por Podemos Coslada.<\/p>\n\n\n\n<figure class=\"wp-block-image size-large is-resized\"><img loading=\"lazy\" decoding=\"async\" width=\"807\" height=\"1024\" src=\"https:\/\/radiojabato.es\/wp-content\/uploads\/2024\/04\/photo_2024-04-29_14-33-14-807x1024.jpg\" alt=\"\" class=\"wp-image-4651\" style=\"width:169px;height:auto\" srcset=\"https:\/\/radiojabato.es\/wp-content\/uploads\/2024\/04\/photo_2024-04-29_14-33-14-807x1024.jpg 807w, https:\/\/radiojabato.es\/wp-content\/uploads\/2024\/04\/photo_2024-04-29_14-33-14-236x300.jpg 236w, https:\/\/radiojabato.es\/wp-content\/uploads\/2024\/04\/photo_2024-04-29_14-33-14-768x974.jpg 768w, https:\/\/radiojabato.es\/wp-content\/uploads\/2024\/04\/photo_2024-04-29_14-33-14.jpg 1009w\" sizes=\"auto, (max-width: 807px) 100vw, 807px\" \/><\/figure>\n","protected":false},"excerpt":{"rendered":"<p>ASPIMIP, Asociaci\u00f3n para la inclusi\u00f3n social de las personas con diversidad funcional de la Comunidad de Madrid, ha requerido la presencia de medios de comunicaci\u00f3n para explicar la sentencia a [&hellip;]<\/p>\n","protected":false},"author":2,"featured_media":0,"comment_status":"open","ping_status":"open","sticky":false,"template":"","format":"standard","meta":{"footnotes":""},"categories":[561],"tags":[83,67,1375,816],"class_list":["post-4650","post","type-post","status-publish","format-standard","hentry","category-a-pie-de-calle","tag-aspimip","tag-ayuntamiento-de-coslada","tag-rueda-de-prensa","tag-servicios-sociales"],"_links":{"self":[{"href":"https:\/\/radiojabato.es\/index.php?rest_route=\/wp\/v2\/posts\/4650","targetHints":{"allow":["GET"]}}],"collection":[{"href":"https:\/\/radiojabato.es\/index.php?rest_route=\/wp\/v2\/posts"}],"about":[{"href":"https:\/\/radiojabato.es\/index.php?rest_route=\/wp\/v2\/types\/post"}],"author":[{"embeddable":true,"href":"https:\/\/radiojabato.es\/index.php?rest_route=\/wp\/v2\/users\/2"}],"replies":[{"embeddable":true,"href":"https:\/\/radiojabato.es\/index.php?rest_route=%2Fwp%2Fv2%2Fcomments&post=4650"}],"version-history":[{"count":1,"href":"https:\/\/radiojabato.es\/index.php?rest_route=\/wp\/v2\/posts\/4650\/revisions"}],"predecessor-version":[{"id":4652,"href":"https:\/\/radiojabato.es\/index.php?rest_route=\/wp\/v2\/posts\/4650\/revisions\/4652"}],"wp:attachment":[{"href":"https:\/\/radiojabato.es\/index.php?rest_route=%2Fwp%2Fv2%2Fmedia&parent=4650"}],"wp:term":[{"taxonomy":"category","embeddable":true,"href":"https:\/\/radiojabato.es\/index.php?rest_route=%2Fwp%2Fv2%2Fcategories&post=4650"},{"taxonomy":"post_tag","embeddable":true,"href":"https:\/\/radiojabato.es\/index.php?rest_route=%2Fwp%2Fv2%2Ftags&post=4650"}],"curies":[{"name":"wp","href":"https:\/\/api.w.org\/{rel}","templated":true}]}}