{"id":4634,"date":"2024-04-23T16:57:41","date_gmt":"2024-04-23T16:57:41","guid":{"rendered":"https:\/\/radiojabato.es\/?p=4634"},"modified":"2024-04-23T17:10:06","modified_gmt":"2024-04-23T17:10:06","slug":"avpaml7b-testimonios-con-flor-y-tasio","status":"publish","type":"post","link":"https:\/\/radiojabato.es\/?p=4634","title":{"rendered":"AVPAML7B. Testimonios con Flor y Tasio"},"content":{"rendered":"\n<p>Nuevo programa que la @avpam_l7b AVPamL7B realiza en Radio Jabato. David Casado ( @davidcasadoverano ), nos trae los testimonios de dos vecinos, que pueden considerarse de los primeros afectados, Flor y Tasio, que nos aportaron datos y documentos que constatan que ya en 2011 se hicieron eco algunos medios de esta problem\u00e1tica porque surgieron problemas estructurales y que la comunidad de Madrid tap\u00f3 e intento de alg\u00fan modo silenciarlos, siempre con amenazas veladas y silencios. Vecinos que como hasta ahora estamos constatando, confiaron en una entidad que pensaban, les dar\u00eda una soluci\u00f3n al problema, pero que a d\u00eda de hoy siguen con este no hay visos de cambiar ni mejorar. Que les llevan al desasosiego y a la desesperaci\u00f3n de tener un futuro secuestrado e incierto.<\/p>\n\n\n\n<iframe src=\"https:\/\/www.ivoox.com\/player_ej_127942052_6_1.html?c1=bf0d0d\" width=\"100%\" height=\"200\" frameborder=\"0\" allowfullscreen=\"\" scrolling=\"no\" loading=\"lazy\"><\/iframe>\n","protected":false},"excerpt":{"rendered":"<p>Nuevo programa que la @avpam_l7b AVPamL7B realiza en Radio Jabato. David Casado ( @davidcasadoverano ), nos trae los testimonios de dos vecinos, que pueden considerarse de los primeros afectados, Flor [&hellip;]<\/p>\n","protected":false},"author":9,"featured_media":0,"comment_status":"open","ping_status":"open","sticky":false,"template":"","format":"standard","meta":{"footnotes":""},"categories":[1257],"tags":[239,218,1339],"class_list":["post-4634","post","type-post","status-publish","format-standard","hentry","category-avpaml7b-asociacion-vecinal-de-personas-afectadas-por-metro-l7b","tag-activismo","tag-entrevista","tag-sociedad-civil"],"_links":{"self":[{"href":"https:\/\/radiojabato.es\/index.php?rest_route=\/wp\/v2\/posts\/4634","targetHints":{"allow":["GET"]}}],"collection":[{"href":"https:\/\/radiojabato.es\/index.php?rest_route=\/wp\/v2\/posts"}],"about":[{"href":"https:\/\/radiojabato.es\/index.php?rest_route=\/wp\/v2\/types\/post"}],"author":[{"embeddable":true,"href":"https:\/\/radiojabato.es\/index.php?rest_route=\/wp\/v2\/users\/9"}],"replies":[{"embeddable":true,"href":"https:\/\/radiojabato.es\/index.php?rest_route=%2Fwp%2Fv2%2Fcomments&post=4634"}],"version-history":[{"count":1,"href":"https:\/\/radiojabato.es\/index.php?rest_route=\/wp\/v2\/posts\/4634\/revisions"}],"predecessor-version":[{"id":4635,"href":"https:\/\/radiojabato.es\/index.php?rest_route=\/wp\/v2\/posts\/4634\/revisions\/4635"}],"wp:attachment":[{"href":"https:\/\/radiojabato.es\/index.php?rest_route=%2Fwp%2Fv2%2Fmedia&parent=4634"}],"wp:term":[{"taxonomy":"category","embeddable":true,"href":"https:\/\/radiojabato.es\/index.php?rest_route=%2Fwp%2Fv2%2Fcategories&post=4634"},{"taxonomy":"post_tag","embeddable":true,"href":"https:\/\/radiojabato.es\/index.php?rest_route=%2Fwp%2Fv2%2Ftags&post=4634"}],"curies":[{"name":"wp","href":"https:\/\/api.w.org\/{rel}","templated":true}]}}