{"id":4580,"date":"2024-04-05T04:54:08","date_gmt":"2024-04-05T04:54:08","guid":{"rendered":"https:\/\/radiojabato.es\/?p=4580"},"modified":"2024-04-05T04:55:28","modified_gmt":"2024-04-05T04:55:28","slug":"a-pie-de-calle-presentacion-del-informe-en-la-asamblea-de-madrid-para-solicitar-la-reapertura-de-comision-de-inverstigacion","status":"publish","type":"post","link":"https:\/\/radiojabato.es\/?p=4580","title":{"rendered":"A PIE DE CALLE. Presentaci\u00f3n del Informe en la Asamblea de Madrid, para solicitar la reapertura de Comisi\u00f3n de Inverstigaci\u00f3n."},"content":{"rendered":"\n<p>Hoy d\u00eda 4 de abril de 2024, se ha presentado el informe \u00abComisi\u00f3n Ciudadana por la verdad en la residencias de Madrid\u00bb en la Asamblea de Madrid, entregando diferentes ejemplares a responsables pol\u00edticos, con la intenci\u00f3n de hacer una llamada para la reapertura de la Comisi\u00f3n de Investigaci\u00f3n que en su momento se realiz\u00f3 en la Asamblea de Madrid, que fue cerrada por la presidenta de esta comunidad aut\u00f3noma, de forma precipitada con la convocatoria de elecciones anticipadas. A continuaci\u00f3n os traemos el testimonio de algunas de las participantes, organizadoras y miembros de esta plataforma.<\/p>\n\n\n\n<iframe frameborder='0' allowfullscreen='' scrolling='no' height='200' style='width:100%;' src='https:\/\/www.ivoox.com\/player_ej_127041319_6_1.html?c1=8c032d' loading='lazy'><\/iframe>\n","protected":false},"excerpt":{"rendered":"<p>Hoy d\u00eda 4 de abril de 2024, se ha presentado el informe \u00abComisi\u00f3n Ciudadana por la verdad en la residencias de Madrid\u00bb en la Asamblea de Madrid, entregando diferentes ejemplares [&hellip;]<\/p>\n","protected":false},"author":9,"featured_media":0,"comment_status":"open","ping_status":"open","sticky":false,"template":"","format":"standard","meta":{"footnotes":""},"categories":[561],"tags":[1349,98,1350,1341,1339],"class_list":["post-4580","post","type-post","status-publish","format-standard","hentry","category-a-pie-de-calle","tag-comision","tag-derechos-humanos","tag-marea","tag-residencias","tag-sociedad-civil"],"_links":{"self":[{"href":"https:\/\/radiojabato.es\/index.php?rest_route=\/wp\/v2\/posts\/4580","targetHints":{"allow":["GET"]}}],"collection":[{"href":"https:\/\/radiojabato.es\/index.php?rest_route=\/wp\/v2\/posts"}],"about":[{"href":"https:\/\/radiojabato.es\/index.php?rest_route=\/wp\/v2\/types\/post"}],"author":[{"embeddable":true,"href":"https:\/\/radiojabato.es\/index.php?rest_route=\/wp\/v2\/users\/9"}],"replies":[{"embeddable":true,"href":"https:\/\/radiojabato.es\/index.php?rest_route=%2Fwp%2Fv2%2Fcomments&post=4580"}],"version-history":[{"count":1,"href":"https:\/\/radiojabato.es\/index.php?rest_route=\/wp\/v2\/posts\/4580\/revisions"}],"predecessor-version":[{"id":4581,"href":"https:\/\/radiojabato.es\/index.php?rest_route=\/wp\/v2\/posts\/4580\/revisions\/4581"}],"wp:attachment":[{"href":"https:\/\/radiojabato.es\/index.php?rest_route=%2Fwp%2Fv2%2Fmedia&parent=4580"}],"wp:term":[{"taxonomy":"category","embeddable":true,"href":"https:\/\/radiojabato.es\/index.php?rest_route=%2Fwp%2Fv2%2Fcategories&post=4580"},{"taxonomy":"post_tag","embeddable":true,"href":"https:\/\/radiojabato.es\/index.php?rest_route=%2Fwp%2Fv2%2Ftags&post=4580"}],"curies":[{"name":"wp","href":"https:\/\/api.w.org\/{rel}","templated":true}]}}