{"id":4567,"date":"2024-04-03T20:20:31","date_gmt":"2024-04-03T20:20:31","guid":{"rendered":"https:\/\/radiojabato.es\/?p=4567"},"modified":"2024-04-03T20:29:00","modified_gmt":"2024-04-03T20:29:00","slug":"a-pie-de-calle-presentacion-del-informe-comision-ciudadana-por-la-verdad-en-la-residencias-de-madrid-ante-el-tsj","status":"publish","type":"post","link":"https:\/\/radiojabato.es\/?p=4567","title":{"rendered":"A PIE DE CALLE. Presentaci\u00f3n del informe \u00abComisi\u00f3n Ciudadana por la verdad en la residencias de Madrid\u00bb, ante el TSJ."},"content":{"rendered":"\n<p>Hoy se ha realizado el registro en el Tribunal Superior de Justicia, del informe elaborado por la Comisi\u00f3n Ciudadana formada por \u00abMarea de Residencias y Verdad y Justicia\u00bb<br>Radio Jabato estuvo en la presentaci\u00f3n ante el Tribunal, junto a otros medios informativos y dimos testimonio de las personas que estuvieron all\u00ed presentes y pertenecen a esta plataforma. Nos comentaron el porqu\u00e9 se presenta a la Fiscal\u00eda este informe sobre todo de cara a un futuro, su experiencia personal, si reciben a d\u00eda de hoy alg\u00fan tipo de apoyo psicol\u00f3gico y la opini\u00f3n que merece el cobro de unas deudas de personas ya fallecidas (seguramente sea que la Excel de pagos no la actualizan mucho, o directamente, les de igual, lo que denota la total falta de empat\u00eda hac\u00eda el ser humano, como vemos en otras actuaciones de la Comunidad de Madrid).<br>A pesar de la poca afluencia de afectados, que como en otros frentes de adversidades en cuanto a problemas que existen frente a esta administraci\u00f3n, lo importante es el hacer para futuro, para que otros no tengan que sufrir estas situaciones, ya que el hecho est\u00e1 en hacer, sin contar con el apoyo incluso y por desgracia, de los que han sufrido tambi\u00e9n este desprop\u00f3sito, pero que seguro se aprovechar\u00e1n de aquello por lo que se lucha. Porque esto es necesario, no olvidar, recordar a nuestros fallecidos y que se tomen las medidas y responsabilidades oportunas.<br>Os iremos contando m\u00e1s sobre este asunto, ya que lo pr\u00f3ximo acto, es este d\u00eda 04 de abril en el que se llevar\u00e1 a cabo la presentaci\u00f3n de este informe en la Asamblea de Madrid, aqu\u00ed en A Pie de Calle, en Radio Jabato<\/p>\n\n\n\n<iframe src=\"https:\/\/www.ivoox.com\/player_ej_126991383_6_1.html?c1=bf0d0d\" width=\"100%\" height=\"200\" frameborder=\"0\" allowfullscreen=\"\" scrolling=\"no\" loading=\"lazy\"><\/iframe>\n","protected":false},"excerpt":{"rendered":"<p>Hoy se ha realizado el registro en el Tribunal Superior de Justicia, del informe elaborado por la Comisi\u00f3n Ciudadana formada por \u00abMarea de Residencias y Verdad y Justicia\u00bbRadio Jabato estuvo [&hellip;]<\/p>\n","protected":false},"author":9,"featured_media":0,"comment_status":"open","ping_status":"open","sticky":false,"template":"","format":"standard","meta":{"footnotes":""},"categories":[561],"tags":[98,572,1341,1339],"class_list":["post-4567","post","type-post","status-publish","format-standard","hentry","category-a-pie-de-calle","tag-derechos-humanos","tag-justicia","tag-residencias","tag-sociedad-civil"],"_links":{"self":[{"href":"https:\/\/radiojabato.es\/index.php?rest_route=\/wp\/v2\/posts\/4567","targetHints":{"allow":["GET"]}}],"collection":[{"href":"https:\/\/radiojabato.es\/index.php?rest_route=\/wp\/v2\/posts"}],"about":[{"href":"https:\/\/radiojabato.es\/index.php?rest_route=\/wp\/v2\/types\/post"}],"author":[{"embeddable":true,"href":"https:\/\/radiojabato.es\/index.php?rest_route=\/wp\/v2\/users\/9"}],"replies":[{"embeddable":true,"href":"https:\/\/radiojabato.es\/index.php?rest_route=%2Fwp%2Fv2%2Fcomments&post=4567"}],"version-history":[{"count":1,"href":"https:\/\/radiojabato.es\/index.php?rest_route=\/wp\/v2\/posts\/4567\/revisions"}],"predecessor-version":[{"id":4568,"href":"https:\/\/radiojabato.es\/index.php?rest_route=\/wp\/v2\/posts\/4567\/revisions\/4568"}],"wp:attachment":[{"href":"https:\/\/radiojabato.es\/index.php?rest_route=%2Fwp%2Fv2%2Fmedia&parent=4567"}],"wp:term":[{"taxonomy":"category","embeddable":true,"href":"https:\/\/radiojabato.es\/index.php?rest_route=%2Fwp%2Fv2%2Fcategories&post=4567"},{"taxonomy":"post_tag","embeddable":true,"href":"https:\/\/radiojabato.es\/index.php?rest_route=%2Fwp%2Fv2%2Ftags&post=4567"}],"curies":[{"name":"wp","href":"https:\/\/api.w.org\/{rel}","templated":true}]}}