{"id":4538,"date":"2024-03-27T15:21:49","date_gmt":"2024-03-27T15:21:49","guid":{"rendered":"https:\/\/radiojabato.es\/?p=4538"},"modified":"2024-03-27T15:21:49","modified_gmt":"2024-03-27T15:21:49","slug":"canciones-nominadas-o-galardonadas-con-el-oscar","status":"publish","type":"post","link":"https:\/\/radiojabato.es\/?p=4538","title":{"rendered":"Canciones nominadas o galardonadas con el Oscar"},"content":{"rendered":"\n<iframe frameborder='0' allowfullscreen='' scrolling='no' height='200' style='width:100%;' src='https:\/\/www.ivoox.com\/player_ej_126282825_6_1.html?c1=d03644' loading='lazy'><\/iframe>\n\n\n\n\n<figure class=\"wp-block-image size-full\"><img loading=\"lazy\" decoding=\"async\" width=\"720\" height=\"517\" src=\"https:\/\/radiojabato.es\/wp-content\/uploads\/2024\/03\/LA-JABATEKA.jpg\" alt=\"La Jabateka\" class=\"wp-image-4539\" srcset=\"https:\/\/radiojabato.es\/wp-content\/uploads\/2024\/03\/LA-JABATEKA.jpg 720w, https:\/\/radiojabato.es\/wp-content\/uploads\/2024\/03\/LA-JABATEKA-300x215.jpg 300w\" sizes=\"auto, (max-width: 720px) 100vw, 720px\" \/><\/figure>\n\n\n\n<p>En esta entrega de La Jabateka, nuestro compa\u00f1ero Dani Dan y el colaborador Xavi Granda hacen un recorrido por m\u00e1s de 9 d\u00e9cadas de m\u00fasica recordando canciones que han sido nominadas o han ganado el Oscar de la academia<\/p>\n\n\n\n<p><\/p>\n","protected":false},"excerpt":{"rendered":"<p>En esta entrega de La Jabateka, nuestro compa\u00f1ero Dani Dan y el colaborador Xavi Granda hacen un recorrido por m\u00e1s de 9 d\u00e9cadas de m\u00fasica recordando canciones que han sido [&hellip;]<\/p>\n","protected":false},"author":11,"featured_media":0,"comment_status":"open","ping_status":"open","sticky":false,"template":"","format":"standard","meta":{"footnotes":""},"categories":[870],"tags":[1327,1329,1331,1330],"class_list":["post-4538","post","type-post","status-publish","format-standard","hentry","category-la-jabateka","tag-cine-2","tag-musica-4","tag-pop-2","tag-rock-2"],"_links":{"self":[{"href":"https:\/\/radiojabato.es\/index.php?rest_route=\/wp\/v2\/posts\/4538","targetHints":{"allow":["GET"]}}],"collection":[{"href":"https:\/\/radiojabato.es\/index.php?rest_route=\/wp\/v2\/posts"}],"about":[{"href":"https:\/\/radiojabato.es\/index.php?rest_route=\/wp\/v2\/types\/post"}],"author":[{"embeddable":true,"href":"https:\/\/radiojabato.es\/index.php?rest_route=\/wp\/v2\/users\/11"}],"replies":[{"embeddable":true,"href":"https:\/\/radiojabato.es\/index.php?rest_route=%2Fwp%2Fv2%2Fcomments&post=4538"}],"version-history":[{"count":1,"href":"https:\/\/radiojabato.es\/index.php?rest_route=\/wp\/v2\/posts\/4538\/revisions"}],"predecessor-version":[{"id":4540,"href":"https:\/\/radiojabato.es\/index.php?rest_route=\/wp\/v2\/posts\/4538\/revisions\/4540"}],"wp:attachment":[{"href":"https:\/\/radiojabato.es\/index.php?rest_route=%2Fwp%2Fv2%2Fmedia&parent=4538"}],"wp:term":[{"taxonomy":"category","embeddable":true,"href":"https:\/\/radiojabato.es\/index.php?rest_route=%2Fwp%2Fv2%2Fcategories&post=4538"},{"taxonomy":"post_tag","embeddable":true,"href":"https:\/\/radiojabato.es\/index.php?rest_route=%2Fwp%2Fv2%2Ftags&post=4538"}],"curies":[{"name":"wp","href":"https:\/\/api.w.org\/{rel}","templated":true}]}}