{"id":4507,"date":"2024-03-19T12:47:00","date_gmt":"2024-03-19T12:47:00","guid":{"rendered":"https:\/\/radiojabato.es\/?p=4507"},"modified":"2024-03-19T12:48:47","modified_gmt":"2024-03-19T12:48:47","slug":"avpaml7b-testimonios-con-raquel-laura-y-nines","status":"publish","type":"post","link":"https:\/\/radiojabato.es\/?p=4507","title":{"rendered":"AVPAML7B. Testimonios con Raquel, Laura y Nines."},"content":{"rendered":"\n<p>Programa que la @avpam_l7b ( www.avpaml7b.org ) realiza en Radio Jabato y cuentan realidad, de la que no te cuentan y te ocultan. Personas a las que tiran sus casas y las dejan\u2026sin su vida. Ellas nos nos cuentan lo que algunos no quieren o\u00edr ni saber.<br>Ser\u00e1 un programa bastante emotivo, nos emocionamos compartiendo esta situaci\u00f3n que junt@s tenemos esperanza de que se alcance una soluci\u00f3n, por esto desde Radio Jabato estamos a tope con ell@s con sus necesidades y apoy\u00e1ndoles para que se den soluciones claras y dignas, sin increpados #silencios, sin ocultar, con honestidad, con sinceridad y con informaci\u00f3n, dando respuestas y soluciones realistas y verdaderas, nada de imposibles, sin nada que esconder o tapar. Y es que todo esto, parecer ser, que a d\u00eda de hoy, son cosas dif\u00edciles de obtener por parte de quienes hemos elegido para que est\u00e9n aportando estas soluciones. Que no s\u00f3lo est\u00e9n cuando hay elecciones, sino cuando hay que estar y como hay que estar.<\/p>\n\n\n\n<p><\/p>\n\n\n\n<iframe src=\"https:\/\/www.ivoox.com\/player_ej_126112499_6_1.html?c1=a30000\" width=\"100%\" height=\"200\" frameborder=\"0\" allowfullscreen=\"\" scrolling=\"no\" loading=\"lazy\"><\/iframe>\n","protected":false},"excerpt":{"rendered":"<p>Programa que la @avpam_l7b ( www.avpaml7b.org ) realiza en Radio Jabato y cuentan realidad, de la que no te cuentan y te ocultan. Personas a las que tiran sus casas [&hellip;]<\/p>\n","protected":false},"author":9,"featured_media":0,"comment_status":"open","ping_status":"open","sticky":false,"template":"","format":"standard","meta":{"footnotes":""},"categories":[1257],"tags":[806,239,1309,526,304],"class_list":["post-4507","post","type-post","status-publish","format-standard","hentry","category-avpaml7b-asociacion-vecinal-de-personas-afectadas-por-metro-l7b","tag-linea7b","tag-activismo","tag-actualidad","tag-metro-de-madrid","tag-sociedad"],"_links":{"self":[{"href":"https:\/\/radiojabato.es\/index.php?rest_route=\/wp\/v2\/posts\/4507","targetHints":{"allow":["GET"]}}],"collection":[{"href":"https:\/\/radiojabato.es\/index.php?rest_route=\/wp\/v2\/posts"}],"about":[{"href":"https:\/\/radiojabato.es\/index.php?rest_route=\/wp\/v2\/types\/post"}],"author":[{"embeddable":true,"href":"https:\/\/radiojabato.es\/index.php?rest_route=\/wp\/v2\/users\/9"}],"replies":[{"embeddable":true,"href":"https:\/\/radiojabato.es\/index.php?rest_route=%2Fwp%2Fv2%2Fcomments&post=4507"}],"version-history":[{"count":1,"href":"https:\/\/radiojabato.es\/index.php?rest_route=\/wp\/v2\/posts\/4507\/revisions"}],"predecessor-version":[{"id":4508,"href":"https:\/\/radiojabato.es\/index.php?rest_route=\/wp\/v2\/posts\/4507\/revisions\/4508"}],"wp:attachment":[{"href":"https:\/\/radiojabato.es\/index.php?rest_route=%2Fwp%2Fv2%2Fmedia&parent=4507"}],"wp:term":[{"taxonomy":"category","embeddable":true,"href":"https:\/\/radiojabato.es\/index.php?rest_route=%2Fwp%2Fv2%2Fcategories&post=4507"},{"taxonomy":"post_tag","embeddable":true,"href":"https:\/\/radiojabato.es\/index.php?rest_route=%2Fwp%2Fv2%2Ftags&post=4507"}],"curies":[{"name":"wp","href":"https:\/\/api.w.org\/{rel}","templated":true}]}}