{"id":4406,"date":"2024-03-05T13:37:47","date_gmt":"2024-03-05T13:37:47","guid":{"rendered":"https:\/\/radiojabato.es\/?p=4406"},"modified":"2024-03-05T13:37:48","modified_gmt":"2024-03-05T13:37:48","slug":"cosas-de-los-nadie-francho-aijon-libertad-para-los-6-de-zaragoza","status":"publish","type":"post","link":"https:\/\/radiojabato.es\/?p=4406","title":{"rendered":"COSAS DE LOS NADIE: \u00abFrancho Aij\u00f3n, Libertad para los 6 de Zaragoza.\u00bb"},"content":{"rendered":"\n<iframe frameborder='0' allowfullscreen='' scrolling='no' height='200' style='width:100%;' src='https:\/\/www.ivoox.com\/player_ej_125328328_6_1.html?c1=060914' loading='lazy'><\/iframe>\n\n\n\n<p>Entrevista a Francisco Aij\u00f3n, Francho, padre de Javichu, uno de los que se denominan los 6 de Zaragoza y portavoz de la \u00abplataforma de madres y padres para la libertad de los 6 de Zaragoza.\u00bb<br>Los 6 de Zaragoza fueron condenados a 7 a\u00f1os de c\u00e1rcel y, posteriormente, reducida su pena a 4 a\u00f1os y 9 meses por, seg\u00fan la condena, des\u00f3rdenes p\u00fablicos, atentado a la autoridad y lesiones policiales.<br>Detenidos cuatro horas despu\u00e9s de la manifestaci\u00f3n antifascista a la que asistieron para oponerse a la manifestaci\u00f3n que VOX realiz\u00f3 y donde ondearon saludos y simbolog\u00eda franquistas sin consecuencias.<br>La \u00fanica prueba en su contra fue su vestimenta y&#8230; la \u00abLey Mordaza\u00bb que, ya para seis a\u00f1os de gobierno \u00abprogresista\u00bb, siguen sin retirar pese a la promesa electoral.<\/p>\n\n\n\n<figure class=\"wp-block-gallery has-nested-images columns-default is-cropped wp-block-gallery-1 is-layout-flex wp-block-gallery-is-layout-flex\">\n<figure class=\"wp-block-image size-large\"><img loading=\"lazy\" decoding=\"async\" width=\"238\" height=\"212\" data-id=\"4408\" src=\"https:\/\/radiojabato.es\/wp-content\/uploads\/2024\/03\/6-de-zaragoza-suma.jpg\" alt=\"\" class=\"wp-image-4408\"\/><\/figure>\n\n\n\n<figure class=\"wp-block-image size-large\"><img loading=\"lazy\" decoding=\"async\" width=\"660\" height=\"371\" data-id=\"4411\" src=\"https:\/\/radiojabato.es\/wp-content\/uploads\/2024\/03\/detencion-en-manifestacion.jpg\" alt=\"\" class=\"wp-image-4411\" srcset=\"https:\/\/radiojabato.es\/wp-content\/uploads\/2024\/03\/detencion-en-manifestacion.jpg 660w, https:\/\/radiojabato.es\/wp-content\/uploads\/2024\/03\/detencion-en-manifestacion-300x169.jpg 300w\" sizes=\"auto, (max-width: 660px) 100vw, 660px\" \/><\/figure>\n\n\n\n<figure class=\"wp-block-image size-large\"><img loading=\"lazy\" decoding=\"async\" width=\"310\" height=\"162\" data-id=\"4410\" src=\"https:\/\/radiojabato.es\/wp-content\/uploads\/2024\/03\/escudo-6-de-zaragoza.jpg\" alt=\"\" class=\"wp-image-4410\" srcset=\"https:\/\/radiojabato.es\/wp-content\/uploads\/2024\/03\/escudo-6-de-zaragoza.jpg 310w, https:\/\/radiojabato.es\/wp-content\/uploads\/2024\/03\/escudo-6-de-zaragoza-300x157.jpg 300w\" sizes=\"auto, (max-width: 310px) 100vw, 310px\" \/><\/figure>\n\n\n\n<figure class=\"wp-block-image size-large\"><img loading=\"lazy\" decoding=\"async\" width=\"259\" height=\"194\" data-id=\"4407\" src=\"https:\/\/radiojabato.es\/wp-content\/uploads\/2024\/03\/Francho.jpg\" alt=\"\" class=\"wp-image-4407\"\/><\/figure>\n\n\n\n<figure class=\"wp-block-image size-large\"><img loading=\"lazy\" decoding=\"async\" width=\"275\" height=\"183\" data-id=\"4409\" src=\"https:\/\/radiojabato.es\/wp-content\/uploads\/2024\/03\/manifestacion.jpg\" alt=\"\" class=\"wp-image-4409\"\/><\/figure>\n<\/figure>\n","protected":false},"excerpt":{"rendered":"<p>Entrevista a Francisco Aij\u00f3n, Francho, padre de Javichu, uno de los que se denominan los 6 de Zaragoza y portavoz de la \u00abplataforma de madres y padres para la libertad [&hellip;]<\/p>\n","protected":false},"author":2,"featured_media":0,"comment_status":"open","ping_status":"open","sticky":false,"template":"","format":"standard","meta":{"footnotes":""},"categories":[37],"tags":[1262,121,1263,611],"class_list":["post-4406","post","type-post","status-publish","format-standard","hentry","category-cosas-de-los-nadie","tag-antifascistas","tag-antolin-pulido","tag-francisco-aijon","tag-ley-mordaza"],"_links":{"self":[{"href":"https:\/\/radiojabato.es\/index.php?rest_route=\/wp\/v2\/posts\/4406","targetHints":{"allow":["GET"]}}],"collection":[{"href":"https:\/\/radiojabato.es\/index.php?rest_route=\/wp\/v2\/posts"}],"about":[{"href":"https:\/\/radiojabato.es\/index.php?rest_route=\/wp\/v2\/types\/post"}],"author":[{"embeddable":true,"href":"https:\/\/radiojabato.es\/index.php?rest_route=\/wp\/v2\/users\/2"}],"replies":[{"embeddable":true,"href":"https:\/\/radiojabato.es\/index.php?rest_route=%2Fwp%2Fv2%2Fcomments&post=4406"}],"version-history":[{"count":1,"href":"https:\/\/radiojabato.es\/index.php?rest_route=\/wp\/v2\/posts\/4406\/revisions"}],"predecessor-version":[{"id":4412,"href":"https:\/\/radiojabato.es\/index.php?rest_route=\/wp\/v2\/posts\/4406\/revisions\/4412"}],"wp:attachment":[{"href":"https:\/\/radiojabato.es\/index.php?rest_route=%2Fwp%2Fv2%2Fmedia&parent=4406"}],"wp:term":[{"taxonomy":"category","embeddable":true,"href":"https:\/\/radiojabato.es\/index.php?rest_route=%2Fwp%2Fv2%2Fcategories&post=4406"},{"taxonomy":"post_tag","embeddable":true,"href":"https:\/\/radiojabato.es\/index.php?rest_route=%2Fwp%2Fv2%2Ftags&post=4406"}],"curies":[{"name":"wp","href":"https:\/\/api.w.org\/{rel}","templated":true}]}}