{"id":4370,"date":"2024-03-01T11:07:19","date_gmt":"2024-03-01T11:07:19","guid":{"rendered":"https:\/\/radiojabato.es\/?p=4370"},"modified":"2024-03-01T14:52:50","modified_gmt":"2024-03-01T14:52:50","slug":"ana-cruz-fotografa-de-almas-especiales","status":"publish","type":"post","link":"https:\/\/radiojabato.es\/?p=4370","title":{"rendered":"Ana Cruz &#8211; fot\u00f3grafa de ALMAS ESPECIALES"},"content":{"rendered":"\n<p><br><\/p>\n\n\n\n<p>*elQuijote4.3, cuaderno de bit\u00e1cora: <\/p>\n\n\n\n<p>Viernes, 29 de Febrero de 2024, \u00abD\u00eda Internacional de las Enfermedades Raras\u00bb.<br>Me acompa\u00f1an en el estudio, mis compa\u00f1er@s: Juli\u00e1n y Any (ambos padecen una \u00abenfermedad rara\u00bb) y Andrea (\u00abla periodista apurada\u00bb).<br>Entrevistamos a Ana Cruz, cuyo proyecto de vida es representar, a trav\u00e9s de sus preciosas fotos, las otras realidades que escapan a la velocidad de ese tiempo veloz del resto del mundo; \u00abcaptura las almas especiales con su c\u00e1mara de fotos\u00bb, para que podamos ver con los ojos del coraz\u00f3n lo que no somos capaces de ver con la mirada distra\u00edda de nuestro d\u00eda a d\u00eda.<br>Ana Cruz, desde su ONG Almas Especiales, interpela a las instituciones p\u00fablicas y a la ciencia, para que apoyen e investiguen sobre enfermedades raras que forman parte de nosotros como colectivo, como comunidad, como humanidad; que piensen en forma de capital humano, el que verdaderamente cuenta, y no en forma de econom\u00eda de mercado que solo busca beneficios econ\u00f3micos y se olvida de las personas m\u00e1s d\u00e9biles.<br>Las personas que padecen enfermedades raras (ni\u00f1as y ni\u00f1os, en sus primeros pasos de vida la gran mayor\u00eda), son el valor que nos tiene que identificar como lo que somos: \u00abun conjunto de seres que nos hacemos llamar humanidad\u00bb; pues que as\u00ed sea y lo demostremos ayudando y apoyando a quienes lo necesitan.<br>\u00a1\u00a1Un abrazo infinito\u2026!! para todas las personas que padecen enfermedades raras y sus familias.<\/p>\n\n\n\n<p><\/p>\n\n\n\n<iframe src=\"https:\/\/www.ivoox.com\/player_ej_125153555_6_1.html?c1=04041c\" width=\"100%\" height=\"200\" frameborder=\"0\" allowfullscreen=\"\" scrolling=\"no\" loading=\"lazy\"><\/iframe>\n\n\n\n<figure class=\"wp-block-gallery has-nested-images columns-default is-cropped wp-block-gallery-1 is-layout-flex wp-block-gallery-is-layout-flex\">\n<figure class=\"wp-block-image size-large\"><img loading=\"lazy\" decoding=\"async\" width=\"1024\" height=\"1024\" data-id=\"4371\" src=\"https:\/\/radiojabato.es\/wp-content\/uploads\/2024\/03\/20240301_052433_0000-1024x1024.png\" alt=\"\" class=\"wp-image-4371\" srcset=\"https:\/\/radiojabato.es\/wp-content\/uploads\/2024\/03\/20240301_052433_0000-1024x1024.png 1024w, https:\/\/radiojabato.es\/wp-content\/uploads\/2024\/03\/20240301_052433_0000-300x300.png 300w, https:\/\/radiojabato.es\/wp-content\/uploads\/2024\/03\/20240301_052433_0000-150x150.png 150w, https:\/\/radiojabato.es\/wp-content\/uploads\/2024\/03\/20240301_052433_0000-768x768.png 768w, https:\/\/radiojabato.es\/wp-content\/uploads\/2024\/03\/20240301_052433_0000.png 1080w\" sizes=\"auto, (max-width: 1024px) 100vw, 1024px\" \/><\/figure>\n<\/figure>\n","protected":false},"excerpt":{"rendered":"<p>*elQuijote4.3, cuaderno de bit\u00e1cora: Viernes, 29 de Febrero de 2024, \u00abD\u00eda Internacional de las Enfermedades Raras\u00bb.Me acompa\u00f1an en el estudio, mis compa\u00f1er@s: Juli\u00e1n y Any (ambos padecen una \u00abenfermedad rara\u00bb) [&hellip;]<\/p>\n","protected":false},"author":4,"featured_media":0,"comment_status":"open","ping_status":"open","sticky":false,"template":"","format":"standard","meta":{"footnotes":""},"categories":[5],"tags":[],"class_list":["post-4370","post","type-post","status-publish","format-standard","hentry","category-elquijote4-3"],"_links":{"self":[{"href":"https:\/\/radiojabato.es\/index.php?rest_route=\/wp\/v2\/posts\/4370","targetHints":{"allow":["GET"]}}],"collection":[{"href":"https:\/\/radiojabato.es\/index.php?rest_route=\/wp\/v2\/posts"}],"about":[{"href":"https:\/\/radiojabato.es\/index.php?rest_route=\/wp\/v2\/types\/post"}],"author":[{"embeddable":true,"href":"https:\/\/radiojabato.es\/index.php?rest_route=\/wp\/v2\/users\/4"}],"replies":[{"embeddable":true,"href":"https:\/\/radiojabato.es\/index.php?rest_route=%2Fwp%2Fv2%2Fcomments&post=4370"}],"version-history":[{"count":8,"href":"https:\/\/radiojabato.es\/index.php?rest_route=\/wp\/v2\/posts\/4370\/revisions"}],"predecessor-version":[{"id":4384,"href":"https:\/\/radiojabato.es\/index.php?rest_route=\/wp\/v2\/posts\/4370\/revisions\/4384"}],"wp:attachment":[{"href":"https:\/\/radiojabato.es\/index.php?rest_route=%2Fwp%2Fv2%2Fmedia&parent=4370"}],"wp:term":[{"taxonomy":"category","embeddable":true,"href":"https:\/\/radiojabato.es\/index.php?rest_route=%2Fwp%2Fv2%2Fcategories&post=4370"},{"taxonomy":"post_tag","embeddable":true,"href":"https:\/\/radiojabato.es\/index.php?rest_route=%2Fwp%2Fv2%2Ftags&post=4370"}],"curies":[{"name":"wp","href":"https:\/\/api.w.org\/{rel}","templated":true}]}}