{"id":4314,"date":"2024-02-15T22:46:27","date_gmt":"2024-02-15T22:46:27","guid":{"rendered":"https:\/\/radiojabato.es\/?p=4314"},"modified":"2024-02-25T12:19:38","modified_gmt":"2024-02-25T12:19:38","slug":"a-pie-de-calle-canada-real-luz-contratos-y-mesa-de-trabajo","status":"publish","type":"post","link":"https:\/\/radiojabato.es\/?p=4314","title":{"rendered":"A PIE DE CALLE. Ca\u00f1ada Real: \u00bb Luz, contratos y mesa de trabajo\u00bb."},"content":{"rendered":"\n<p>Tras la visita de la subdelegada de estado de Madrid, Pilar Trinidad y su paso por los sectores 5 y 6. Hoy d\u00eda 15 de febrero, mientras visitaba la Ca\u00f1ada en Coslada, zona \u00ablegalizada\u00bb con servicios, luz, agua, desag\u00fce, l@s vecin@s de los sectores 5 y 6 que ya levan 4 a\u00f1os sin luz, iban a presentar reclamaciones vecinales en la Oficina del Comisionado del Gobierno de la Comunidad de Madrid para la Ca\u00f1ada Real no pudiendo ni acceder porque ESTABAN REUNIDOS CON PERSONAS MUY IMPORTANTES EN UNA REUNION MUY IMPORTANTE (como escuchamos en el audio). Una vez m\u00e1s, la Ca\u00f1ada es ignorada mientras sus habitantes pasan penurias.<br>\u00bfDejar\u00e1 morir Isabel D\u00edaz Ayuso tambi\u00e9n a la Ca\u00f1ada como a los ancianos en las residencias, o optar\u00e1 por la inacci\u00f3n, la divisi\u00f3n como con los vecinos de la l\u00ednea 7b?<br>Al fin y al cabo todos tenemos\u00a0que\u00a0morir\u2026<\/p>\n\n\n\n<iframe src=\"https:\/\/www.ivoox.com\/player_ej_124363701_6_1.html?c1=a30000\" width=\"100%\" height=\"200\" frameborder=\"0\" allowfullscreen=\"\" scrolling=\"no\" loading=\"lazy\"><\/iframe>\n\n\n\n<figure class=\"wp-block-image size-large\"><img loading=\"lazy\" decoding=\"async\" width=\"1024\" height=\"768\" src=\"https:\/\/radiojabato.es\/wp-content\/uploads\/2024\/02\/photo_3_2024-02-15_20-49-33-1024x768.jpg\" alt=\"\" class=\"wp-image-4315\" srcset=\"https:\/\/radiojabato.es\/wp-content\/uploads\/2024\/02\/photo_3_2024-02-15_20-49-33-1024x768.jpg 1024w, https:\/\/radiojabato.es\/wp-content\/uploads\/2024\/02\/photo_3_2024-02-15_20-49-33-300x225.jpg 300w, https:\/\/radiojabato.es\/wp-content\/uploads\/2024\/02\/photo_3_2024-02-15_20-49-33-768x576.jpg 768w, https:\/\/radiojabato.es\/wp-content\/uploads\/2024\/02\/photo_3_2024-02-15_20-49-33.jpg 1280w\" sizes=\"auto, (max-width: 1024px) 100vw, 1024px\" \/><\/figure>\n\n\n\n<figure class=\"wp-block-image size-large\"><img loading=\"lazy\" decoding=\"async\" width=\"1024\" height=\"768\" src=\"https:\/\/radiojabato.es\/wp-content\/uploads\/2024\/02\/photo_6_2024-02-15_20-49-33-1024x768.jpg\" alt=\"\" class=\"wp-image-4316\" srcset=\"https:\/\/radiojabato.es\/wp-content\/uploads\/2024\/02\/photo_6_2024-02-15_20-49-33-1024x768.jpg 1024w, https:\/\/radiojabato.es\/wp-content\/uploads\/2024\/02\/photo_6_2024-02-15_20-49-33-300x225.jpg 300w, https:\/\/radiojabato.es\/wp-content\/uploads\/2024\/02\/photo_6_2024-02-15_20-49-33-768x576.jpg 768w, https:\/\/radiojabato.es\/wp-content\/uploads\/2024\/02\/photo_6_2024-02-15_20-49-33.jpg 1280w\" sizes=\"auto, (max-width: 1024px) 100vw, 1024px\" \/><\/figure>\n\n\n\n<figure class=\"wp-block-image size-large\"><img loading=\"lazy\" decoding=\"async\" width=\"1024\" height=\"768\" src=\"https:\/\/radiojabato.es\/wp-content\/uploads\/2024\/02\/Imagen-de-WhatsApp-2024-02-15-a-las-22.17.45_7ca0bf84-1024x768.jpg\" alt=\"\" class=\"wp-image-4317\" srcset=\"https:\/\/radiojabato.es\/wp-content\/uploads\/2024\/02\/Imagen-de-WhatsApp-2024-02-15-a-las-22.17.45_7ca0bf84-1024x768.jpg 1024w, https:\/\/radiojabato.es\/wp-content\/uploads\/2024\/02\/Imagen-de-WhatsApp-2024-02-15-a-las-22.17.45_7ca0bf84-300x225.jpg 300w, https:\/\/radiojabato.es\/wp-content\/uploads\/2024\/02\/Imagen-de-WhatsApp-2024-02-15-a-las-22.17.45_7ca0bf84-768x576.jpg 768w, https:\/\/radiojabato.es\/wp-content\/uploads\/2024\/02\/Imagen-de-WhatsApp-2024-02-15-a-las-22.17.45_7ca0bf84-1536x1152.jpg 1536w, https:\/\/radiojabato.es\/wp-content\/uploads\/2024\/02\/Imagen-de-WhatsApp-2024-02-15-a-las-22.17.45_7ca0bf84.jpg 2000w\" sizes=\"auto, (max-width: 1024px) 100vw, 1024px\" \/><\/figure>\n","protected":false},"excerpt":{"rendered":"<p>Tras la visita de la subdelegada de estado de Madrid, Pilar Trinidad y su paso por los sectores 5 y 6. Hoy d\u00eda 15 de febrero, mientras visitaba la Ca\u00f1ada [&hellip;]<\/p>\n","protected":false},"author":9,"featured_media":0,"comment_status":"open","ping_status":"open","sticky":false,"template":"","format":"standard","meta":{"footnotes":""},"categories":[561],"tags":[],"class_list":["post-4314","post","type-post","status-publish","format-standard","hentry","category-a-pie-de-calle"],"_links":{"self":[{"href":"https:\/\/radiojabato.es\/index.php?rest_route=\/wp\/v2\/posts\/4314","targetHints":{"allow":["GET"]}}],"collection":[{"href":"https:\/\/radiojabato.es\/index.php?rest_route=\/wp\/v2\/posts"}],"about":[{"href":"https:\/\/radiojabato.es\/index.php?rest_route=\/wp\/v2\/types\/post"}],"author":[{"embeddable":true,"href":"https:\/\/radiojabato.es\/index.php?rest_route=\/wp\/v2\/users\/9"}],"replies":[{"embeddable":true,"href":"https:\/\/radiojabato.es\/index.php?rest_route=%2Fwp%2Fv2%2Fcomments&post=4314"}],"version-history":[{"count":1,"href":"https:\/\/radiojabato.es\/index.php?rest_route=\/wp\/v2\/posts\/4314\/revisions"}],"predecessor-version":[{"id":4318,"href":"https:\/\/radiojabato.es\/index.php?rest_route=\/wp\/v2\/posts\/4314\/revisions\/4318"}],"wp:attachment":[{"href":"https:\/\/radiojabato.es\/index.php?rest_route=%2Fwp%2Fv2%2Fmedia&parent=4314"}],"wp:term":[{"taxonomy":"category","embeddable":true,"href":"https:\/\/radiojabato.es\/index.php?rest_route=%2Fwp%2Fv2%2Fcategories&post=4314"},{"taxonomy":"post_tag","embeddable":true,"href":"https:\/\/radiojabato.es\/index.php?rest_route=%2Fwp%2Fv2%2Ftags&post=4314"}],"curies":[{"name":"wp","href":"https:\/\/api.w.org\/{rel}","templated":true}]}}