{"id":4296,"date":"2024-02-10T20:16:36","date_gmt":"2024-02-10T20:16:36","guid":{"rendered":"https:\/\/radiojabato.es\/?p=4296"},"modified":"2024-02-10T20:16:37","modified_gmt":"2024-02-10T20:16:37","slug":"asamec-desactiva-tus-prejuicios","status":"publish","type":"post","link":"https:\/\/radiojabato.es\/?p=4296","title":{"rendered":"ASAMEC: \u00abDesactiva Tus Prejuicios.\u00bb"},"content":{"rendered":"\n<iframe frameborder='0' allowfullscreen='' scrolling='no' height='200' style='width:100%;' src='https:\/\/www.ivoox.com\/player_ej_124060779_6_1.html?c1=cfda7e' loading='lazy'><\/iframe>\n\n\n\n<p>Entrevista a Mamen Silvestre profesora de Lengua, Literatura Espa\u00f1ola y Teatro junto a Marta Manche\u00f1o y Sergio Benito alumnos de 4\u00b0ESO y a David Hinojar director del IES Luis Garc\u00eda Berlanga.<br>Han ganado un premio de la FAD y del Hospital Rodr\u00edguez La Fora por el proyecto que han llevado a cabo sobre Salud Mental y el Estigma.<br>\u00abDESACTIVA TUS PERJUICIOS.\u00bb<br>Un ejemplo de c\u00f3mo un Centro Educativo no s\u00f3lo debe formar en lo acad\u00e9mico sino en formar buenas personas.<br>Explican el trabajazo en el enlace de FAD (Fundaci\u00f3n de Ayuda contra la Drogadicci\u00f3n.) Fundaci\u00f3n FAD Juventud.<\/p>\n\n\n\n<figure class=\"wp-block-embed is-type-video is-provider-youtube wp-block-embed-youtube wp-embed-aspect-16-9 wp-has-aspect-ratio\"><div class=\"wp-block-embed__wrapper\">\n<iframe loading=\"lazy\" title=\"Sin estigma\" width=\"750\" height=\"422\" src=\"https:\/\/www.youtube.com\/embed\/I8jtEWxT0a8?feature=oembed\" frameborder=\"0\" allow=\"accelerometer; autoplay; clipboard-write; encrypted-media; gyroscope; picture-in-picture; web-share\" allowfullscreen><\/iframe>\n<\/div><\/figure>\n\n\n\n<figure class=\"wp-block-gallery has-nested-images columns-default is-cropped wp-block-gallery-1 is-layout-flex wp-block-gallery-is-layout-flex\">\n<figure class=\"wp-block-image size-large\"><img loading=\"lazy\" decoding=\"async\" width=\"1024\" height=\"768\" data-id=\"4298\" src=\"https:\/\/radiojabato.es\/wp-content\/uploads\/2024\/02\/photo_2024-02-10_20-48-40-1024x768.jpg\" alt=\"\" class=\"wp-image-4298\" srcset=\"https:\/\/radiojabato.es\/wp-content\/uploads\/2024\/02\/photo_2024-02-10_20-48-40-1024x768.jpg 1024w, https:\/\/radiojabato.es\/wp-content\/uploads\/2024\/02\/photo_2024-02-10_20-48-40-300x225.jpg 300w, https:\/\/radiojabato.es\/wp-content\/uploads\/2024\/02\/photo_2024-02-10_20-48-40-768x576.jpg 768w, https:\/\/radiojabato.es\/wp-content\/uploads\/2024\/02\/photo_2024-02-10_20-48-40.jpg 1280w\" sizes=\"auto, (max-width: 1024px) 100vw, 1024px\" \/><\/figure>\n\n\n\n<figure class=\"wp-block-image size-large\"><img loading=\"lazy\" decoding=\"async\" width=\"1024\" height=\"769\" data-id=\"4297\" src=\"https:\/\/radiojabato.es\/wp-content\/uploads\/2024\/02\/photo_2024-02-10_20-48-46-1024x769.jpg\" alt=\"\" class=\"wp-image-4297\" srcset=\"https:\/\/radiojabato.es\/wp-content\/uploads\/2024\/02\/photo_2024-02-10_20-48-46-1024x769.jpg 1024w, https:\/\/radiojabato.es\/wp-content\/uploads\/2024\/02\/photo_2024-02-10_20-48-46-300x225.jpg 300w, https:\/\/radiojabato.es\/wp-content\/uploads\/2024\/02\/photo_2024-02-10_20-48-46-768x577.jpg 768w, https:\/\/radiojabato.es\/wp-content\/uploads\/2024\/02\/photo_2024-02-10_20-48-46.jpg 1280w\" sizes=\"auto, (max-width: 1024px) 100vw, 1024px\" \/><\/figure>\n\n\n\n<figure class=\"wp-block-image size-large\"><img loading=\"lazy\" decoding=\"async\" width=\"1024\" height=\"686\" data-id=\"4299\" src=\"https:\/\/radiojabato.es\/wp-content\/uploads\/2024\/02\/photo_2024-02-10_20-48-54-1024x686.jpg\" alt=\"\" class=\"wp-image-4299\" srcset=\"https:\/\/radiojabato.es\/wp-content\/uploads\/2024\/02\/photo_2024-02-10_20-48-54-1024x686.jpg 1024w, https:\/\/radiojabato.es\/wp-content\/uploads\/2024\/02\/photo_2024-02-10_20-48-54-300x201.jpg 300w, https:\/\/radiojabato.es\/wp-content\/uploads\/2024\/02\/photo_2024-02-10_20-48-54-768x515.jpg 768w, https:\/\/radiojabato.es\/wp-content\/uploads\/2024\/02\/photo_2024-02-10_20-48-54-410x275.jpg 410w, https:\/\/radiojabato.es\/wp-content\/uploads\/2024\/02\/photo_2024-02-10_20-48-54.jpg 1280w\" sizes=\"auto, (max-width: 1024px) 100vw, 1024px\" \/><\/figure>\n<\/figure>\n","protected":false},"excerpt":{"rendered":"<p>Entrevista a Mamen Silvestre profesora de Lengua, Literatura Espa\u00f1ola y Teatro junto a Marta Manche\u00f1o y Sergio Benito alumnos de 4\u00b0ESO y a David Hinojar director del IES Luis Garc\u00eda [&hellip;]<\/p>\n","protected":false},"author":2,"featured_media":0,"comment_status":"open","ping_status":"open","sticky":false,"template":"","format":"standard","meta":{"footnotes":""},"categories":[987],"tags":[1217,1221,1218,1219,1220,305],"class_list":["post-4296","post","type-post","status-publish","format-standard","hentry","category-asamec-asociacion-de-salud-mental-del-corredor","tag-asamecorredor","tag-desactiva-tus-prejuicios","tag-estigmas","tag-prejuicios","tag-radio-asamec","tag-salud-mental"],"_links":{"self":[{"href":"https:\/\/radiojabato.es\/index.php?rest_route=\/wp\/v2\/posts\/4296","targetHints":{"allow":["GET"]}}],"collection":[{"href":"https:\/\/radiojabato.es\/index.php?rest_route=\/wp\/v2\/posts"}],"about":[{"href":"https:\/\/radiojabato.es\/index.php?rest_route=\/wp\/v2\/types\/post"}],"author":[{"embeddable":true,"href":"https:\/\/radiojabato.es\/index.php?rest_route=\/wp\/v2\/users\/2"}],"replies":[{"embeddable":true,"href":"https:\/\/radiojabato.es\/index.php?rest_route=%2Fwp%2Fv2%2Fcomments&post=4296"}],"version-history":[{"count":1,"href":"https:\/\/radiojabato.es\/index.php?rest_route=\/wp\/v2\/posts\/4296\/revisions"}],"predecessor-version":[{"id":4300,"href":"https:\/\/radiojabato.es\/index.php?rest_route=\/wp\/v2\/posts\/4296\/revisions\/4300"}],"wp:attachment":[{"href":"https:\/\/radiojabato.es\/index.php?rest_route=%2Fwp%2Fv2%2Fmedia&parent=4296"}],"wp:term":[{"taxonomy":"category","embeddable":true,"href":"https:\/\/radiojabato.es\/index.php?rest_route=%2Fwp%2Fv2%2Fcategories&post=4296"},{"taxonomy":"post_tag","embeddable":true,"href":"https:\/\/radiojabato.es\/index.php?rest_route=%2Fwp%2Fv2%2Ftags&post=4296"}],"curies":[{"name":"wp","href":"https:\/\/api.w.org\/{rel}","templated":true}]}}