{"id":4253,"date":"2024-01-30T20:33:02","date_gmt":"2024-01-30T20:33:02","guid":{"rendered":"https:\/\/radiojabato.es\/?p=4253"},"modified":"2024-01-30T20:33:03","modified_gmt":"2024-01-30T20:33:03","slug":"cosas-de-los-nadie-gladys-cerna-davila-activista-peruana-en-espana","status":"publish","type":"post","link":"https:\/\/radiojabato.es\/?p=4253","title":{"rendered":"COSAS DE LOS NADIE: \u00abGladys Cerna D\u00e1vila, Activista Peruana en Espa\u00f1a.\u00bb"},"content":{"rendered":"\n<iframe frameborder='0' allowfullscreen='' scrolling='no' height='200' style='width:100%;' src='https:\/\/www.ivoox.com\/player_ej_123462202_6_1.html?c1=060914' loading='lazy'><\/iframe>\n\n\n\n<p>Entrevista a Gladys Cerna D\u00e1vila, militante del PC Peruano, activista de desahucios por la hipoteca, miembro de la Asociaci\u00f3n Feminista de San Blas-Canillejas.<br>Nos habla de la situaci\u00f3n actual de Per\u00fa y de su activismo all\u00e1 y ac\u00e1.<\/p>\n\n\n\n<figure class=\"wp-block-gallery has-nested-images columns-default is-cropped wp-block-gallery-1 is-layout-flex wp-block-gallery-is-layout-flex\">\n<figure class=\"wp-block-image size-large\"><img loading=\"lazy\" decoding=\"async\" width=\"1024\" height=\"768\" data-id=\"4254\" src=\"https:\/\/radiojabato.es\/wp-content\/uploads\/2024\/01\/Gladis-1-1024x768.jpg\" alt=\"\" class=\"wp-image-4254\" srcset=\"https:\/\/radiojabato.es\/wp-content\/uploads\/2024\/01\/Gladis-1-1024x768.jpg 1024w, https:\/\/radiojabato.es\/wp-content\/uploads\/2024\/01\/Gladis-1-300x225.jpg 300w, https:\/\/radiojabato.es\/wp-content\/uploads\/2024\/01\/Gladis-1-768x576.jpg 768w, https:\/\/radiojabato.es\/wp-content\/uploads\/2024\/01\/Gladis-1.jpg 1280w\" sizes=\"auto, (max-width: 1024px) 100vw, 1024px\" \/><\/figure>\n\n\n\n<figure class=\"wp-block-image size-large\"><img loading=\"lazy\" decoding=\"async\" width=\"1024\" height=\"768\" data-id=\"4255\" src=\"https:\/\/radiojabato.es\/wp-content\/uploads\/2024\/01\/Gladis-2-1024x768.jpg\" alt=\"\" class=\"wp-image-4255\" srcset=\"https:\/\/radiojabato.es\/wp-content\/uploads\/2024\/01\/Gladis-2-1024x768.jpg 1024w, https:\/\/radiojabato.es\/wp-content\/uploads\/2024\/01\/Gladis-2-300x225.jpg 300w, https:\/\/radiojabato.es\/wp-content\/uploads\/2024\/01\/Gladis-2-768x576.jpg 768w, https:\/\/radiojabato.es\/wp-content\/uploads\/2024\/01\/Gladis-2.jpg 1280w\" sizes=\"auto, (max-width: 1024px) 100vw, 1024px\" \/><\/figure>\n<\/figure>\n","protected":false},"excerpt":{"rendered":"<p>Entrevista a Gladys Cerna D\u00e1vila, militante del PC Peruano, activista de desahucios por la hipoteca, miembro de la Asociaci\u00f3n Feminista de San Blas-Canillejas.Nos habla de la situaci\u00f3n actual de Per\u00fa [&hellip;]<\/p>\n","protected":false},"author":2,"featured_media":0,"comment_status":"open","ping_status":"open","sticky":false,"template":"","format":"standard","meta":{"footnotes":""},"categories":[37],"tags":[239,121,120,187,48],"class_list":["post-4253","post","type-post","status-publish","format-standard","hentry","category-cosas-de-los-nadie","tag-activismo","tag-antolin-pulido","tag-cosas-de-los-nadie","tag-feminismo","tag-radio-jabato"],"_links":{"self":[{"href":"https:\/\/radiojabato.es\/index.php?rest_route=\/wp\/v2\/posts\/4253","targetHints":{"allow":["GET"]}}],"collection":[{"href":"https:\/\/radiojabato.es\/index.php?rest_route=\/wp\/v2\/posts"}],"about":[{"href":"https:\/\/radiojabato.es\/index.php?rest_route=\/wp\/v2\/types\/post"}],"author":[{"embeddable":true,"href":"https:\/\/radiojabato.es\/index.php?rest_route=\/wp\/v2\/users\/2"}],"replies":[{"embeddable":true,"href":"https:\/\/radiojabato.es\/index.php?rest_route=%2Fwp%2Fv2%2Fcomments&post=4253"}],"version-history":[{"count":1,"href":"https:\/\/radiojabato.es\/index.php?rest_route=\/wp\/v2\/posts\/4253\/revisions"}],"predecessor-version":[{"id":4256,"href":"https:\/\/radiojabato.es\/index.php?rest_route=\/wp\/v2\/posts\/4253\/revisions\/4256"}],"wp:attachment":[{"href":"https:\/\/radiojabato.es\/index.php?rest_route=%2Fwp%2Fv2%2Fmedia&parent=4253"}],"wp:term":[{"taxonomy":"category","embeddable":true,"href":"https:\/\/radiojabato.es\/index.php?rest_route=%2Fwp%2Fv2%2Fcategories&post=4253"},{"taxonomy":"post_tag","embeddable":true,"href":"https:\/\/radiojabato.es\/index.php?rest_route=%2Fwp%2Fv2%2Ftags&post=4253"}],"curies":[{"name":"wp","href":"https:\/\/api.w.org\/{rel}","templated":true}]}}