{"id":4194,"date":"2024-01-11T19:22:36","date_gmt":"2024-01-11T19:22:36","guid":{"rendered":"https:\/\/radiojabato.es\/?p=4194"},"modified":"2024-01-11T19:22:37","modified_gmt":"2024-01-11T19:22:37","slug":"la-jabateka-el-rock-espanol-en-el-siglo-xxi-1a-parte","status":"publish","type":"post","link":"https:\/\/radiojabato.es\/?p=4194","title":{"rendered":"LA JABATEKA: \u00abEl Rock espa\u00f1ol en el siglo XXI (1\u00aa Parte)\u00bb"},"content":{"rendered":"\n<iframe frameborder='0' allowfullscreen='' scrolling='no' height='200' style='width:100%;' src='https:\/\/www.ivoox.com\/player_ej_122471956_6_1.html?c1=d03644' loading='lazy'><\/iframe>\n\n\n\n<p>La crisis en la industria discogr\u00e1fica y el estancamiento estil\u00edstico, Grupos comerciales dirigidos a un p\u00fablico masivo O La aparici\u00f3n del mestizaje, rock fusi\u00f3n. Nos centramos en la primera d\u00e9cada, del 2000 al 2010.<\/p>\n\n\n\n<figure class=\"wp-block-image size-full is-resized\"><img loading=\"lazy\" decoding=\"async\" width=\"720\" height=\"517\" src=\"https:\/\/radiojabato.es\/wp-content\/uploads\/2024\/01\/photo_2023-08-10_19-02-28-2.jpg\" alt=\"\" class=\"wp-image-4195\" style=\"width:213px;height:auto\" srcset=\"https:\/\/radiojabato.es\/wp-content\/uploads\/2024\/01\/photo_2023-08-10_19-02-28-2.jpg 720w, https:\/\/radiojabato.es\/wp-content\/uploads\/2024\/01\/photo_2023-08-10_19-02-28-2-300x215.jpg 300w\" sizes=\"auto, (max-width: 720px) 100vw, 720px\" \/><\/figure>\n","protected":false},"excerpt":{"rendered":"<p>La crisis en la industria discogr\u00e1fica y el estancamiento estil\u00edstico, Grupos comerciales dirigidos a un p\u00fablico masivo O La aparici\u00f3n del mestizaje, rock fusi\u00f3n. Nos centramos en la primera d\u00e9cada, [&hellip;]<\/p>\n","protected":false},"author":2,"featured_media":0,"comment_status":"open","ping_status":"open","sticky":false,"template":"","format":"standard","meta":{"footnotes":""},"categories":[870],"tags":[1172,883,110,1171],"class_list":["post-4194","post","type-post","status-publish","format-standard","hentry","category-la-jabateka","tag-discograficas","tag-ismael-calle","tag-rock","tag-rock-fusion"],"_links":{"self":[{"href":"https:\/\/radiojabato.es\/index.php?rest_route=\/wp\/v2\/posts\/4194","targetHints":{"allow":["GET"]}}],"collection":[{"href":"https:\/\/radiojabato.es\/index.php?rest_route=\/wp\/v2\/posts"}],"about":[{"href":"https:\/\/radiojabato.es\/index.php?rest_route=\/wp\/v2\/types\/post"}],"author":[{"embeddable":true,"href":"https:\/\/radiojabato.es\/index.php?rest_route=\/wp\/v2\/users\/2"}],"replies":[{"embeddable":true,"href":"https:\/\/radiojabato.es\/index.php?rest_route=%2Fwp%2Fv2%2Fcomments&post=4194"}],"version-history":[{"count":1,"href":"https:\/\/radiojabato.es\/index.php?rest_route=\/wp\/v2\/posts\/4194\/revisions"}],"predecessor-version":[{"id":4196,"href":"https:\/\/radiojabato.es\/index.php?rest_route=\/wp\/v2\/posts\/4194\/revisions\/4196"}],"wp:attachment":[{"href":"https:\/\/radiojabato.es\/index.php?rest_route=%2Fwp%2Fv2%2Fmedia&parent=4194"}],"wp:term":[{"taxonomy":"category","embeddable":true,"href":"https:\/\/radiojabato.es\/index.php?rest_route=%2Fwp%2Fv2%2Fcategories&post=4194"},{"taxonomy":"post_tag","embeddable":true,"href":"https:\/\/radiojabato.es\/index.php?rest_route=%2Fwp%2Fv2%2Ftags&post=4194"}],"curies":[{"name":"wp","href":"https:\/\/api.w.org\/{rel}","templated":true}]}}