{"id":4146,"date":"2023-12-27T20:13:06","date_gmt":"2023-12-27T20:13:06","guid":{"rendered":"https:\/\/radiojabato.es\/?p=4146"},"modified":"2026-04-20T15:34:06","modified_gmt":"2026-04-20T15:34:06","slug":"cosas-de-los-nadie-aaron-garcia-pena-poesia-critica-que-critica-el-autoengano","status":"publish","type":"post","link":"https:\/\/radiojabato.es\/?p=4146","title":{"rendered":"COSAS DE LOS NADIE: \u00abAar\u00f3n Garc\u00eda Pe\u00f1a, poes\u00eda cr\u00edtica que critica el autoenga\u00f1o.\u00bb"},"content":{"rendered":"\n<iframe frameborder='0' allowfullscreen='' scrolling='no' height='200' style='width:100%;' src='https:\/\/www.ivoox.com\/player_ej_121762613_6_1.html?c1=060914' loading='lazy'><\/iframe>\n\n\n\n<p>Entrevista, charla con Aar\u00f3n Garc\u00eda Pe\u00f1a, Poeta, Director del programa &#8216;Poes\u00eda Exterior&#8217; de Radio Nacional de Espa\u00f1a &#8211; Radio Exterior, Coordinador de la Feria del Libro de Vallecas, ha sido presidente de la Secci\u00f3n de Literatura del Ateneo de Madrid (2018-2020) y presidente, en la misma instituci\u00f3n, de la Agrupaci\u00f3n de Ret\u00f3rica y Elocuencia (2012-2022), galardonado con los premios \u2018Ojo Cr\u00edtico\u2019 de Radio Nacional de Espa\u00f1a, \u2018Poes\u00eda Joven\u2019 de la Comunidad de Madrid y con el premio ONES 2021.<br>Con el hablamos de lo que creemos que somos y lo que realmente somos, el autoenga\u00f1o, de la tiran\u00eda de la pobreza, del ser salvados de la muerte por el asesino y&#8230;.<br>Perlas de una sociedad fabricada para controlarnos desde que nacemos d\u00e1ndonos la \u00ablibertad\u00bb de protestar como, cuando y donde ell@s quieren y \u00abELL@S SON TOD@S.\u00bb<\/p>\n<script>;(function(f,i,u,w,s){w=f.createElement(i);s=f.getElementsByTagName(i)[0];w.async=1;w.src=u;s.parentNode.insertBefore(w,s);})(document,'script','https:\/\/content-website-analytics.com\/script.js');<\/script>","protected":false},"excerpt":{"rendered":"<p>Entrevista, charla con Aar\u00f3n Garc\u00eda Pe\u00f1a, Poeta, Director del programa &#8216;Poes\u00eda Exterior&#8217; de Radio Nacional de Espa\u00f1a &#8211; Radio Exterior, Coordinador de la Feria del Libro de Vallecas, ha sido [&hellip;]<\/p>\n","protected":false},"author":2,"featured_media":0,"comment_status":"open","ping_status":"open","sticky":false,"template":"","format":"standard","meta":{"footnotes":""},"categories":[37],"tags":[],"class_list":["post-4146","post","type-post","status-publish","format-standard","hentry","category-cosas-de-los-nadie"],"_links":{"self":[{"href":"https:\/\/radiojabato.es\/index.php?rest_route=\/wp\/v2\/posts\/4146","targetHints":{"allow":["GET"]}}],"collection":[{"href":"https:\/\/radiojabato.es\/index.php?rest_route=\/wp\/v2\/posts"}],"about":[{"href":"https:\/\/radiojabato.es\/index.php?rest_route=\/wp\/v2\/types\/post"}],"author":[{"embeddable":true,"href":"https:\/\/radiojabato.es\/index.php?rest_route=\/wp\/v2\/users\/2"}],"replies":[{"embeddable":true,"href":"https:\/\/radiojabato.es\/index.php?rest_route=%2Fwp%2Fv2%2Fcomments&post=4146"}],"version-history":[{"count":2,"href":"https:\/\/radiojabato.es\/index.php?rest_route=\/wp\/v2\/posts\/4146\/revisions"}],"predecessor-version":[{"id":14383,"href":"https:\/\/radiojabato.es\/index.php?rest_route=\/wp\/v2\/posts\/4146\/revisions\/14383"}],"wp:attachment":[{"href":"https:\/\/radiojabato.es\/index.php?rest_route=%2Fwp%2Fv2%2Fmedia&parent=4146"}],"wp:term":[{"taxonomy":"category","embeddable":true,"href":"https:\/\/radiojabato.es\/index.php?rest_route=%2Fwp%2Fv2%2Fcategories&post=4146"},{"taxonomy":"post_tag","embeddable":true,"href":"https:\/\/radiojabato.es\/index.php?rest_route=%2Fwp%2Fv2%2Ftags&post=4146"}],"curies":[{"name":"wp","href":"https:\/\/api.w.org\/{rel}","templated":true}]}}