{"id":3894,"date":"2023-11-19T21:10:27","date_gmt":"2023-11-19T21:10:27","guid":{"rendered":"https:\/\/radiojabato.es\/?p=3894"},"modified":"2023-11-19T21:10:28","modified_gmt":"2023-11-19T21:10:28","slug":"tertulia-vecinal-charo-arroyo-concejala-de-servicios-sociales-y-mayores-del-ayto-de-coslada","status":"publish","type":"post","link":"https:\/\/radiojabato.es\/?p=3894","title":{"rendered":"TERTULIA VECINAL: \u00abCharo Arroyo, Concejala de Servicios Sociales y Mayores del Ayto. de Coslada.\u00bb"},"content":{"rendered":"\n<iframe frameborder='0' allowfullscreen='' scrolling='no' height='200' style='width:100%;' src='https:\/\/www.ivoox.com\/player_ej_119721684_6_1.html?c1=f2c859' loading='lazy'><\/iframe>\n\n\n\n<p>Entrevistamos a Charo Arroyo, Concejala de Servicios Sociales y Mayores del Ayuntamiento de Coslada.<br>Comparte un rato de su tiempo, cosa de agradecer ya que el anterior concejal se neg\u00f3 a hacer, con las asociaciones que tenemos relaci\u00f3n con sus concejal\u00edas y en esta ocasi\u00f3n estamos AFICOR, Coslada Accesible, Bubisher, Sonrisa Digna, Fundaci\u00f3n Tri\u00e1ngulo, Diversia y por supuesto Radio Jabato.<br>Tomamos el pulso a las actividades y situaci\u00f3n de las asociaciones presentes y al comienzo de gesti\u00f3n de la concejal\u00eda con sus proyectos y por supuesto con las reivindicaciones y sugerencias que se hacen desde la ciudadan\u00eda.<\/p>\n\n\n\n<figure class=\"wp-block-gallery has-nested-images columns-default is-cropped wp-block-gallery-1 is-layout-flex wp-block-gallery-is-layout-flex\">\n<figure class=\"wp-block-image size-large\"><img loading=\"lazy\" decoding=\"async\" width=\"225\" height=\"225\" data-id=\"3895\" src=\"https:\/\/radiojabato.es\/wp-content\/uploads\/2023\/11\/descarga.jpg\" alt=\"\" class=\"wp-image-3895\" srcset=\"https:\/\/radiojabato.es\/wp-content\/uploads\/2023\/11\/descarga.jpg 225w, https:\/\/radiojabato.es\/wp-content\/uploads\/2023\/11\/descarga-150x150.jpg 150w\" sizes=\"auto, (max-width: 225px) 100vw, 225px\" \/><\/figure>\n\n\n\n<figure class=\"wp-block-image size-large\"><img loading=\"lazy\" decoding=\"async\" width=\"1024\" height=\"1024\" data-id=\"3898\" src=\"https:\/\/radiojabato.es\/wp-content\/uploads\/2023\/11\/photo_2023-11-19_21-37-07-1024x1024.jpg\" alt=\"\" class=\"wp-image-3898\" srcset=\"https:\/\/radiojabato.es\/wp-content\/uploads\/2023\/11\/photo_2023-11-19_21-37-07-1024x1024.jpg 1024w, https:\/\/radiojabato.es\/wp-content\/uploads\/2023\/11\/photo_2023-11-19_21-37-07-300x300.jpg 300w, https:\/\/radiojabato.es\/wp-content\/uploads\/2023\/11\/photo_2023-11-19_21-37-07-150x150.jpg 150w, https:\/\/radiojabato.es\/wp-content\/uploads\/2023\/11\/photo_2023-11-19_21-37-07-768x768.jpg 768w, https:\/\/radiojabato.es\/wp-content\/uploads\/2023\/11\/photo_2023-11-19_21-37-07.jpg 1280w\" sizes=\"auto, (max-width: 1024px) 100vw, 1024px\" \/><\/figure>\n\n\n\n<figure class=\"wp-block-image size-large\"><img loading=\"lazy\" decoding=\"async\" width=\"1024\" height=\"1024\" data-id=\"3899\" src=\"https:\/\/radiojabato.es\/wp-content\/uploads\/2023\/11\/photo_2023-11-19_21-37-29-1024x1024.jpg\" alt=\"\" class=\"wp-image-3899\" srcset=\"https:\/\/radiojabato.es\/wp-content\/uploads\/2023\/11\/photo_2023-11-19_21-37-29-1024x1024.jpg 1024w, https:\/\/radiojabato.es\/wp-content\/uploads\/2023\/11\/photo_2023-11-19_21-37-29-300x300.jpg 300w, https:\/\/radiojabato.es\/wp-content\/uploads\/2023\/11\/photo_2023-11-19_21-37-29-150x150.jpg 150w, https:\/\/radiojabato.es\/wp-content\/uploads\/2023\/11\/photo_2023-11-19_21-37-29-768x768.jpg 768w, https:\/\/radiojabato.es\/wp-content\/uploads\/2023\/11\/photo_2023-11-19_21-37-29.jpg 1280w\" sizes=\"auto, (max-width: 1024px) 100vw, 1024px\" \/><\/figure>\n\n\n\n<figure class=\"wp-block-image size-large\"><img loading=\"lazy\" decoding=\"async\" width=\"1024\" height=\"1024\" data-id=\"3900\" src=\"https:\/\/radiojabato.es\/wp-content\/uploads\/2023\/11\/photo_2023-11-19_21-37-34-1024x1024.jpg\" alt=\"\" class=\"wp-image-3900\" srcset=\"https:\/\/radiojabato.es\/wp-content\/uploads\/2023\/11\/photo_2023-11-19_21-37-34-1024x1024.jpg 1024w, https:\/\/radiojabato.es\/wp-content\/uploads\/2023\/11\/photo_2023-11-19_21-37-34-300x300.jpg 300w, https:\/\/radiojabato.es\/wp-content\/uploads\/2023\/11\/photo_2023-11-19_21-37-34-150x150.jpg 150w, https:\/\/radiojabato.es\/wp-content\/uploads\/2023\/11\/photo_2023-11-19_21-37-34-768x768.jpg 768w, https:\/\/radiojabato.es\/wp-content\/uploads\/2023\/11\/photo_2023-11-19_21-37-34.jpg 1280w\" sizes=\"auto, (max-width: 1024px) 100vw, 1024px\" \/><\/figure>\n\n\n\n<figure class=\"wp-block-image size-large\"><img loading=\"lazy\" decoding=\"async\" width=\"1024\" height=\"760\" data-id=\"3897\" src=\"https:\/\/radiojabato.es\/wp-content\/uploads\/2023\/11\/photo_2023-11-19_21-37-43-1024x760.jpg\" alt=\"\" class=\"wp-image-3897\" srcset=\"https:\/\/radiojabato.es\/wp-content\/uploads\/2023\/11\/photo_2023-11-19_21-37-43-1024x760.jpg 1024w, https:\/\/radiojabato.es\/wp-content\/uploads\/2023\/11\/photo_2023-11-19_21-37-43-300x223.jpg 300w, https:\/\/radiojabato.es\/wp-content\/uploads\/2023\/11\/photo_2023-11-19_21-37-43-768x570.jpg 768w, https:\/\/radiojabato.es\/wp-content\/uploads\/2023\/11\/photo_2023-11-19_21-37-43.jpg 1280w\" sizes=\"auto, (max-width: 1024px) 100vw, 1024px\" \/><\/figure>\n\n\n\n<figure class=\"wp-block-image size-large\"><img loading=\"lazy\" decoding=\"async\" width=\"1024\" height=\"760\" data-id=\"3896\" src=\"https:\/\/radiojabato.es\/wp-content\/uploads\/2023\/11\/photo_2023-11-19_21-37-57-1024x760.jpg\" alt=\"\" class=\"wp-image-3896\" srcset=\"https:\/\/radiojabato.es\/wp-content\/uploads\/2023\/11\/photo_2023-11-19_21-37-57-1024x760.jpg 1024w, https:\/\/radiojabato.es\/wp-content\/uploads\/2023\/11\/photo_2023-11-19_21-37-57-300x223.jpg 300w, https:\/\/radiojabato.es\/wp-content\/uploads\/2023\/11\/photo_2023-11-19_21-37-57-768x570.jpg 768w, https:\/\/radiojabato.es\/wp-content\/uploads\/2023\/11\/photo_2023-11-19_21-37-57.jpg 1280w\" sizes=\"auto, (max-width: 1024px) 100vw, 1024px\" \/><\/figure>\n<\/figure>\n","protected":false},"excerpt":{"rendered":"<p>Entrevistamos a Charo Arroyo, Concejala de Servicios Sociales y Mayores del Ayuntamiento de Coslada.Comparte un rato de su tiempo, cosa de agradecer ya que el anterior concejal se neg\u00f3 a [&hellip;]<\/p>\n","protected":false},"author":2,"featured_media":0,"comment_status":"open","ping_status":"open","sticky":false,"template":"","format":"standard","meta":{"footnotes":""},"categories":[552],"tags":[71,67,557,1072,493,1074,1076,656,1073,1075],"class_list":["post-3894","post","type-post","status-publish","format-standard","hentry","category-tertulia-vecinal","tag-aficor","tag-ayuntamiento-de-coslada","tag-bubisher","tag-charo-arroyo","tag-coslada-accesible","tag-diversia","tag-fundacion-triangulo","tag-psoe-coslada","tag-servicios-sociales-y-mayores","tag-sonrisa-digna"],"_links":{"self":[{"href":"https:\/\/radiojabato.es\/index.php?rest_route=\/wp\/v2\/posts\/3894","targetHints":{"allow":["GET"]}}],"collection":[{"href":"https:\/\/radiojabato.es\/index.php?rest_route=\/wp\/v2\/posts"}],"about":[{"href":"https:\/\/radiojabato.es\/index.php?rest_route=\/wp\/v2\/types\/post"}],"author":[{"embeddable":true,"href":"https:\/\/radiojabato.es\/index.php?rest_route=\/wp\/v2\/users\/2"}],"replies":[{"embeddable":true,"href":"https:\/\/radiojabato.es\/index.php?rest_route=%2Fwp%2Fv2%2Fcomments&post=3894"}],"version-history":[{"count":1,"href":"https:\/\/radiojabato.es\/index.php?rest_route=\/wp\/v2\/posts\/3894\/revisions"}],"predecessor-version":[{"id":3901,"href":"https:\/\/radiojabato.es\/index.php?rest_route=\/wp\/v2\/posts\/3894\/revisions\/3901"}],"wp:attachment":[{"href":"https:\/\/radiojabato.es\/index.php?rest_route=%2Fwp%2Fv2%2Fmedia&parent=3894"}],"wp:term":[{"taxonomy":"category","embeddable":true,"href":"https:\/\/radiojabato.es\/index.php?rest_route=%2Fwp%2Fv2%2Fcategories&post=3894"},{"taxonomy":"post_tag","embeddable":true,"href":"https:\/\/radiojabato.es\/index.php?rest_route=%2Fwp%2Fv2%2Ftags&post=3894"}],"curies":[{"name":"wp","href":"https:\/\/api.w.org\/{rel}","templated":true}]}}