{"id":3808,"date":"2023-10-30T12:11:36","date_gmt":"2023-10-30T12:11:36","guid":{"rendered":"https:\/\/radiojabato.es\/?p=3808"},"modified":"2023-10-30T12:32:33","modified_gmt":"2023-10-30T12:32:33","slug":"cosas-de-los-nadie-emilio-silva-barrera-recuperando-la-memoria-historica","status":"publish","type":"post","link":"https:\/\/radiojabato.es\/?p=3808","title":{"rendered":"Cosas De Los Nadie: \u00abEmilio Silva Barrera, Recuperando la Memoria Hist\u00f3rica.\u00bb"},"content":{"rendered":"\n<iframe frameborder='0' allowfullscreen='' scrolling='no' height='200' style='width:100%;' src='https:\/\/www.ivoox.com\/player_ej_118611442_6_1.html?c1=060914' loading='lazy'><\/iframe>\n\n\n\n<p>Hablamos de Memoria Hist\u00f3rica con Emilio Silva Barrera, un soci\u00f3logo y periodista espa\u00f1ol, activista por la recuperaci\u00f3n de la Memoria hist\u00f3rica.<br>Adem\u00e1s, tras la exhumaci\u00f3n de la fosa en la que se encontraban los hoy conocidos como \u00ablos trece de Priaranza\u00bb fund\u00f3 de la Asociaci\u00f3n para la Recuperaci\u00f3n de la Memoria Hist\u00f3rica (ARMH) donde es uno de los fundadores y presidente.<\/p>\n\n\n\n<figure class=\"wp-block-gallery has-nested-images columns-default is-cropped wp-block-gallery-1 is-layout-flex wp-block-gallery-is-layout-flex\">\n<figure class=\"wp-block-image size-large\"><img loading=\"lazy\" decoding=\"async\" width=\"275\" height=\"183\" data-id=\"3815\" src=\"https:\/\/radiojabato.es\/wp-content\/uploads\/2023\/10\/fosas-en-espana.jpg\" alt=\"\" class=\"wp-image-3815\"\/><\/figure>\n\n\n\n<figure class=\"wp-block-image size-large\"><img loading=\"lazy\" decoding=\"async\" width=\"275\" height=\"183\" data-id=\"3814\" src=\"https:\/\/radiojabato.es\/wp-content\/uploads\/2023\/10\/huesos-en-fosas.jpg\" alt=\"\" class=\"wp-image-3814\"\/><\/figure>\n\n\n\n<figure class=\"wp-block-image size-large\"><img loading=\"lazy\" decoding=\"async\" width=\"275\" height=\"183\" data-id=\"3813\" src=\"https:\/\/radiojabato.es\/wp-content\/uploads\/2023\/10\/images-5.jpg\" alt=\"\" class=\"wp-image-3813\"\/><\/figure>\n<\/figure>\n","protected":false},"excerpt":{"rendered":"<p>Hablamos de Memoria Hist\u00f3rica con Emilio Silva Barrera, un soci\u00f3logo y periodista espa\u00f1ol, activista por la recuperaci\u00f3n de la Memoria hist\u00f3rica.Adem\u00e1s, tras la exhumaci\u00f3n de la fosa en la que [&hellip;]<\/p>\n","protected":false},"author":2,"featured_media":0,"comment_status":"open","ping_status":"open","sticky":false,"template":"","format":"standard","meta":{"footnotes":""},"categories":[37],"tags":[1039,1038,1041,1040,297],"class_list":["post-3808","post","type-post","status-publish","format-standard","hentry","category-cosas-de-los-nadie","tag-armh","tag-asociacion-para-la-recuperacion-de-la-memoria-historica","tag-crimenes-del-franquismo","tag-emilio-silva-barrera","tag-memoria-historica-2"],"_links":{"self":[{"href":"https:\/\/radiojabato.es\/index.php?rest_route=\/wp\/v2\/posts\/3808","targetHints":{"allow":["GET"]}}],"collection":[{"href":"https:\/\/radiojabato.es\/index.php?rest_route=\/wp\/v2\/posts"}],"about":[{"href":"https:\/\/radiojabato.es\/index.php?rest_route=\/wp\/v2\/types\/post"}],"author":[{"embeddable":true,"href":"https:\/\/radiojabato.es\/index.php?rest_route=\/wp\/v2\/users\/2"}],"replies":[{"embeddable":true,"href":"https:\/\/radiojabato.es\/index.php?rest_route=%2Fwp%2Fv2%2Fcomments&post=3808"}],"version-history":[{"count":2,"href":"https:\/\/radiojabato.es\/index.php?rest_route=\/wp\/v2\/posts\/3808\/revisions"}],"predecessor-version":[{"id":3816,"href":"https:\/\/radiojabato.es\/index.php?rest_route=\/wp\/v2\/posts\/3808\/revisions\/3816"}],"wp:attachment":[{"href":"https:\/\/radiojabato.es\/index.php?rest_route=%2Fwp%2Fv2%2Fmedia&parent=3808"}],"wp:term":[{"taxonomy":"category","embeddable":true,"href":"https:\/\/radiojabato.es\/index.php?rest_route=%2Fwp%2Fv2%2Fcategories&post=3808"},{"taxonomy":"post_tag","embeddable":true,"href":"https:\/\/radiojabato.es\/index.php?rest_route=%2Fwp%2Fv2%2Ftags&post=3808"}],"curies":[{"name":"wp","href":"https:\/\/api.w.org\/{rel}","templated":true}]}}