{"id":3761,"date":"2023-10-16T17:52:45","date_gmt":"2023-10-16T17:52:45","guid":{"rendered":"https:\/\/radiojabato.es\/?p=3761"},"modified":"2023-10-16T17:52:47","modified_gmt":"2023-10-16T17:52:47","slug":"cosas-de-los-nadie-jaldia-abubakra-palestina-y-sus-derechos","status":"publish","type":"post","link":"https:\/\/radiojabato.es\/?p=3761","title":{"rendered":"Cosas De Los Nadie: \u00abJald\u00eda Abubakra, Palestina y sus derechos.\u00bb"},"content":{"rendered":"\n<iframe frameborder='0' allowfullscreen='' scrolling='no' height='200' style='width:100%;' src='https:\/\/www.ivoox.com\/player_ej_117856602_6_1.html?c1=060914' loading='lazy'><\/iframe>\n\n\n\n<p>Entrevista a Jald\u00eda Abubakra, coordinadora de Samidoum, red internacional en defensa de presos y presas pol\u00edticas, Masar Badil, ruta revolucionaria alternativa Palestina, integrante de la flotilla \u00abmujeres rumbo a Gaza\u00bb y Unadikum, Asociaci\u00f3n en defensa de los derechos del pueblo de Palestina y contra la ocupaci\u00f3n y apartheid de Israel.<br>Intentamos explicar de donde viene y hasta donde llegar\u00e1 esta ocupaci\u00f3n, como Israel permiti\u00f3 y le interes\u00f3 que Hamas creciera en poder para usarlo de escusa del enfrentamiento armado.<br>Esto y m\u00e1s, como siempre sin censura.<\/p>\n\n\n\n<figure class=\"wp-block-gallery has-nested-images columns-default is-cropped wp-block-gallery-1 is-layout-flex wp-block-gallery-is-layout-flex\">\n<figure class=\"wp-block-image size-large\"><img loading=\"lazy\" decoding=\"async\" width=\"289\" height=\"174\" data-id=\"3762\" src=\"https:\/\/radiojabato.es\/wp-content\/uploads\/2023\/10\/Jaldia-Abubakra-1.jpg\" alt=\"\" class=\"wp-image-3762\"\/><\/figure>\n\n\n\n<figure class=\"wp-block-image size-large\"><img loading=\"lazy\" decoding=\"async\" width=\"198\" height=\"254\" data-id=\"3766\" src=\"https:\/\/radiojabato.es\/wp-content\/uploads\/2023\/10\/Masar-Badil.jpg\" alt=\"\" class=\"wp-image-3766\"\/><\/figure>\n\n\n\n<figure class=\"wp-block-image size-large\"><img loading=\"lazy\" decoding=\"async\" width=\"201\" height=\"251\" data-id=\"3764\" src=\"https:\/\/radiojabato.es\/wp-content\/uploads\/2023\/10\/mujeres-rumbo-2.jpg\" alt=\"\" class=\"wp-image-3764\"\/><\/figure>\n\n\n\n<figure class=\"wp-block-image size-large\"><img loading=\"lazy\" decoding=\"async\" width=\"275\" height=\"183\" data-id=\"3763\" src=\"https:\/\/radiojabato.es\/wp-content\/uploads\/2023\/10\/Mujeres-rumbo-a-gaza.jpg\" alt=\"\" class=\"wp-image-3763\"\/><\/figure>\n\n\n\n<figure class=\"wp-block-image size-large\"><img loading=\"lazy\" decoding=\"async\" width=\"225\" height=\"225\" data-id=\"3765\" src=\"https:\/\/radiojabato.es\/wp-content\/uploads\/2023\/10\/Samidoun.jpg\" alt=\"\" class=\"wp-image-3765\" srcset=\"https:\/\/radiojabato.es\/wp-content\/uploads\/2023\/10\/Samidoun.jpg 225w, https:\/\/radiojabato.es\/wp-content\/uploads\/2023\/10\/Samidoun-150x150.jpg 150w\" sizes=\"auto, (max-width: 225px) 100vw, 225px\" \/><\/figure>\n<\/figure>\n","protected":false},"excerpt":{"rendered":"<p>Entrevista a Jald\u00eda Abubakra, coordinadora de Samidoum, red internacional en defensa de presos y presas pol\u00edticas, Masar Badil, ruta revolucionaria alternativa Palestina, integrante de la flotilla \u00abmujeres rumbo a Gaza\u00bb [&hellip;]<\/p>\n","protected":false},"author":2,"featured_media":0,"comment_status":"open","ping_status":"open","sticky":false,"template":"","format":"standard","meta":{"footnotes":""},"categories":[37],"tags":[1018,1015,1017,1014,1013],"class_list":["post-3761","post","type-post","status-publish","format-standard","hentry","category-cosas-de-los-nadie","tag-cisjordania","tag-gaza","tag-hamas","tag-israel","tag-palestina"],"_links":{"self":[{"href":"https:\/\/radiojabato.es\/index.php?rest_route=\/wp\/v2\/posts\/3761","targetHints":{"allow":["GET"]}}],"collection":[{"href":"https:\/\/radiojabato.es\/index.php?rest_route=\/wp\/v2\/posts"}],"about":[{"href":"https:\/\/radiojabato.es\/index.php?rest_route=\/wp\/v2\/types\/post"}],"author":[{"embeddable":true,"href":"https:\/\/radiojabato.es\/index.php?rest_route=\/wp\/v2\/users\/2"}],"replies":[{"embeddable":true,"href":"https:\/\/radiojabato.es\/index.php?rest_route=%2Fwp%2Fv2%2Fcomments&post=3761"}],"version-history":[{"count":1,"href":"https:\/\/radiojabato.es\/index.php?rest_route=\/wp\/v2\/posts\/3761\/revisions"}],"predecessor-version":[{"id":3767,"href":"https:\/\/radiojabato.es\/index.php?rest_route=\/wp\/v2\/posts\/3761\/revisions\/3767"}],"wp:attachment":[{"href":"https:\/\/radiojabato.es\/index.php?rest_route=%2Fwp%2Fv2%2Fmedia&parent=3761"}],"wp:term":[{"taxonomy":"category","embeddable":true,"href":"https:\/\/radiojabato.es\/index.php?rest_route=%2Fwp%2Fv2%2Fcategories&post=3761"},{"taxonomy":"post_tag","embeddable":true,"href":"https:\/\/radiojabato.es\/index.php?rest_route=%2Fwp%2Fv2%2Ftags&post=3761"}],"curies":[{"name":"wp","href":"https:\/\/api.w.org\/{rel}","templated":true}]}}