{"id":3717,"date":"2023-10-07T19:05:06","date_gmt":"2023-10-07T19:05:06","guid":{"rendered":"https:\/\/radiojabato.es\/?p=3717"},"modified":"2023-10-07T19:05:07","modified_gmt":"2023-10-07T19:05:07","slug":"coslada-accesible-repaso-a-la-feria-de-asociaciones-y-xiara-isabel-alvares-compositora-pianista-y-cantante","status":"publish","type":"post","link":"https:\/\/radiojabato.es\/?p=3717","title":{"rendered":"COSLADA ACCESIBLE: \u00abRepaso a la Feria de Asociaciones y Xiara, Isabel \u00c1lvares, compositora, pianista y cantante.\u00bb"},"content":{"rendered":"\n<p><\/p>\n\n\n\n<iframe frameborder='0' allowfullscreen='' scrolling='no' height='200' style='width:100%;' src='https:\/\/www.ivoox.com\/player_ej_117346620_6_1.html?c1=f9ea0c' loading='lazy'><\/iframe>\n\n\n\n<p>Hacemos un repaso de la feria de asociaciones del s\u00e1bado 30 de septiembre, con la participaci\u00f3n de algunas asociaciones representativas tanto de la organizaci\u00f3n como de la participaci\u00f3n de esta feria.<br>Conectamos con la concejala de Participaci\u00f3n Ciudadana, Elena Lebrato, quien nos hace su propia valoraci\u00f3n de esta fiesta de las entidades ciudadanas.<br>En la segunda parte entrevistamos a Xiara, Isabel \u00c1lvares, una afiliada a la ONCE, compositora, pianista, cantante e int\u00e9rprete con un mont\u00f3n de proyectos y un amplio recorrido en el mundo de la m\u00fasica.<\/p>\n\n\n\n<figure class=\"wp-block-image size-large is-resized\"><img loading=\"lazy\" decoding=\"async\" src=\"https:\/\/radiojabato.es\/wp-content\/uploads\/2023\/10\/WIN_20231003_10_10_17_Pro-2-1024x576.jpg\" alt=\"\" class=\"wp-image-3721\" width=\"308\" height=\"173\" srcset=\"https:\/\/radiojabato.es\/wp-content\/uploads\/2023\/10\/WIN_20231003_10_10_17_Pro-2-1024x576.jpg 1024w, https:\/\/radiojabato.es\/wp-content\/uploads\/2023\/10\/WIN_20231003_10_10_17_Pro-2-300x169.jpg 300w, https:\/\/radiojabato.es\/wp-content\/uploads\/2023\/10\/WIN_20231003_10_10_17_Pro-2-768x432.jpg 768w, https:\/\/radiojabato.es\/wp-content\/uploads\/2023\/10\/WIN_20231003_10_10_17_Pro-2-1536x864.jpg 1536w, https:\/\/radiojabato.es\/wp-content\/uploads\/2023\/10\/WIN_20231003_10_10_17_Pro-2.jpg 1920w\" sizes=\"auto, (max-width: 308px) 100vw, 308px\" \/><\/figure>\n\n\n\n<figure class=\"wp-block-image size-large is-resized\"><img loading=\"lazy\" decoding=\"async\" src=\"https:\/\/radiojabato.es\/wp-content\/uploads\/2023\/10\/photo_2023-10-07_20-57-51-1-1024x768.jpg\" alt=\"\" class=\"wp-image-3722\" width=\"311\" height=\"233\" srcset=\"https:\/\/radiojabato.es\/wp-content\/uploads\/2023\/10\/photo_2023-10-07_20-57-51-1-1024x768.jpg 1024w, https:\/\/radiojabato.es\/wp-content\/uploads\/2023\/10\/photo_2023-10-07_20-57-51-1-300x225.jpg 300w, https:\/\/radiojabato.es\/wp-content\/uploads\/2023\/10\/photo_2023-10-07_20-57-51-1-768x576.jpg 768w, https:\/\/radiojabato.es\/wp-content\/uploads\/2023\/10\/photo_2023-10-07_20-57-51-1.jpg 1280w\" sizes=\"auto, (max-width: 311px) 100vw, 311px\" \/><\/figure>\n","protected":false},"excerpt":{"rendered":"<p>Hacemos un repaso de la feria de asociaciones del s\u00e1bado 30 de septiembre, con la participaci\u00f3n de algunas asociaciones representativas tanto de la organizaci\u00f3n como de la participaci\u00f3n de esta [&hellip;]<\/p>\n","protected":false},"author":2,"featured_media":0,"comment_status":"open","ping_status":"open","sticky":false,"template":"","format":"standard","meta":{"footnotes":""},"categories":[337],"tags":[67,57,493,897,1001],"class_list":["post-3717","post","type-post","status-publish","format-standard","hentry","category-coslada-accesible","tag-ayuntamiento-de-coslada","tag-coslada","tag-coslada-accesible","tag-elena-lebrato","tag-feria-de-asociaciones-2023"],"_links":{"self":[{"href":"https:\/\/radiojabato.es\/index.php?rest_route=\/wp\/v2\/posts\/3717","targetHints":{"allow":["GET"]}}],"collection":[{"href":"https:\/\/radiojabato.es\/index.php?rest_route=\/wp\/v2\/posts"}],"about":[{"href":"https:\/\/radiojabato.es\/index.php?rest_route=\/wp\/v2\/types\/post"}],"author":[{"embeddable":true,"href":"https:\/\/radiojabato.es\/index.php?rest_route=\/wp\/v2\/users\/2"}],"replies":[{"embeddable":true,"href":"https:\/\/radiojabato.es\/index.php?rest_route=%2Fwp%2Fv2%2Fcomments&post=3717"}],"version-history":[{"count":1,"href":"https:\/\/radiojabato.es\/index.php?rest_route=\/wp\/v2\/posts\/3717\/revisions"}],"predecessor-version":[{"id":3723,"href":"https:\/\/radiojabato.es\/index.php?rest_route=\/wp\/v2\/posts\/3717\/revisions\/3723"}],"wp:attachment":[{"href":"https:\/\/radiojabato.es\/index.php?rest_route=%2Fwp%2Fv2%2Fmedia&parent=3717"}],"wp:term":[{"taxonomy":"category","embeddable":true,"href":"https:\/\/radiojabato.es\/index.php?rest_route=%2Fwp%2Fv2%2Fcategories&post=3717"},{"taxonomy":"post_tag","embeddable":true,"href":"https:\/\/radiojabato.es\/index.php?rest_route=%2Fwp%2Fv2%2Ftags&post=3717"}],"curies":[{"name":"wp","href":"https:\/\/api.w.org\/{rel}","templated":true}]}}