{"id":3714,"date":"2023-10-06T13:13:49","date_gmt":"2023-10-06T13:13:49","guid":{"rendered":"https:\/\/radiojabato.es\/?p=3714"},"modified":"2023-10-06T13:13:50","modified_gmt":"2023-10-06T13:13:50","slug":"accion-social-fampa-coslada-ha-desaparecido","status":"publish","type":"post","link":"https:\/\/radiojabato.es\/?p=3714","title":{"rendered":"Acci\u00f3n Social: \u00abFAMPA COSLADA HA DESAPARECIDO.\u00bb"},"content":{"rendered":"\n<iframe frameborder='0' allowfullscreen='' scrolling='no' height='200' style='width:100%;' src='https:\/\/www.ivoox.com\/player_ej_117291347_6_1.html?c1=cc100f' loading='lazy'><\/iframe>\n\n\n\n<p>Ya es oficial, FAMPA COSLADA DEJA DE EXISTIR, la ex-presidenta y la ex-secretaria de FAMPA pasan por la radio para contarnos y charlar sobre las situaciones que las han llevado a desaparecer dejando la correcci\u00f3n pol\u00edtica, que han querido mantener antes de las elecciones locales, de lado ya como simples vecinas de Coslada.<br>\u00bfQu\u00e9 conlleva su desaparici\u00f3n? \u00bfC\u00f3mo se pudo evitar? Desaparece \u00abCorto Coslada\u00bb, \u00bfDesaparecer\u00e1 el d\u00eda de la tortilla? \u00bfEl d\u00eda de las AMPAS?<br>Est\u00e1n dispuestas a venir de nuevo a Radio Jabato y mantener debate con quien quiera rebatirlas con educaci\u00f3n y razones.<br>Coslada pierde hoy.<\/p>\n\n\n\n<figure class=\"wp-block-image size-large is-resized\"><img loading=\"lazy\" decoding=\"async\" src=\"https:\/\/radiojabato.es\/wp-content\/uploads\/2023\/10\/fampa-the-end-1024x577.jpg\" alt=\"\" class=\"wp-image-3715\" width=\"224\" height=\"126\" srcset=\"https:\/\/radiojabato.es\/wp-content\/uploads\/2023\/10\/fampa-the-end-1024x577.jpg 1024w, https:\/\/radiojabato.es\/wp-content\/uploads\/2023\/10\/fampa-the-end-300x169.jpg 300w, https:\/\/radiojabato.es\/wp-content\/uploads\/2023\/10\/fampa-the-end-768x433.jpg 768w, https:\/\/radiojabato.es\/wp-content\/uploads\/2023\/10\/fampa-the-end.jpg 1280w\" sizes=\"auto, (max-width: 224px) 100vw, 224px\" \/><\/figure>\n","protected":false},"excerpt":{"rendered":"<p>Ya es oficial, FAMPA COSLADA DEJA DE EXISTIR, la ex-presidenta y la ex-secretaria de FAMPA pasan por la radio para contarnos y charlar sobre las situaciones que las han llevado [&hellip;]<\/p>\n","protected":false},"author":2,"featured_media":0,"comment_status":"open","ping_status":"open","sticky":false,"template":"","format":"standard","meta":{"footnotes":""},"categories":[8],"tags":[56,67,57,301],"class_list":["post-3714","post","type-post","status-publish","format-standard","hentry","category-accion-social","tag-accion-social","tag-ayuntamiento-de-coslada","tag-coslada","tag-fampa-coslada"],"_links":{"self":[{"href":"https:\/\/radiojabato.es\/index.php?rest_route=\/wp\/v2\/posts\/3714","targetHints":{"allow":["GET"]}}],"collection":[{"href":"https:\/\/radiojabato.es\/index.php?rest_route=\/wp\/v2\/posts"}],"about":[{"href":"https:\/\/radiojabato.es\/index.php?rest_route=\/wp\/v2\/types\/post"}],"author":[{"embeddable":true,"href":"https:\/\/radiojabato.es\/index.php?rest_route=\/wp\/v2\/users\/2"}],"replies":[{"embeddable":true,"href":"https:\/\/radiojabato.es\/index.php?rest_route=%2Fwp%2Fv2%2Fcomments&post=3714"}],"version-history":[{"count":1,"href":"https:\/\/radiojabato.es\/index.php?rest_route=\/wp\/v2\/posts\/3714\/revisions"}],"predecessor-version":[{"id":3716,"href":"https:\/\/radiojabato.es\/index.php?rest_route=\/wp\/v2\/posts\/3714\/revisions\/3716"}],"wp:attachment":[{"href":"https:\/\/radiojabato.es\/index.php?rest_route=%2Fwp%2Fv2%2Fmedia&parent=3714"}],"wp:term":[{"taxonomy":"category","embeddable":true,"href":"https:\/\/radiojabato.es\/index.php?rest_route=%2Fwp%2Fv2%2Fcategories&post=3714"},{"taxonomy":"post_tag","embeddable":true,"href":"https:\/\/radiojabato.es\/index.php?rest_route=%2Fwp%2Fv2%2Ftags&post=3714"}],"curies":[{"name":"wp","href":"https:\/\/api.w.org\/{rel}","templated":true}]}}