{"id":3708,"date":"2023-10-03T19:02:28","date_gmt":"2023-10-03T19:02:28","guid":{"rendered":"https:\/\/radiojabato.es\/?p=3708"},"modified":"2026-04-20T15:38:57","modified_gmt":"2026-04-20T15:38:57","slug":"a-pie-de-calle-javier-corpa-formalizada-operacion-plaza-de-espana-proyectos-y-linea-7b-de-metro","status":"publish","type":"post","link":"https:\/\/radiojabato.es\/?p=3708","title":{"rendered":"A Pie De Calle: \u00bb Javier Corpa, Formalizada Operaci\u00f3n Plaza de Espa\u00f1a, Proyectos y L\u00ednea 7B de Metro.\u00bb"},"content":{"rendered":"\n<iframe frameborder='0' allowfullscreen='' scrolling='no' height='200' style='width:100%;' src='https:\/\/www.ivoox.com\/player_ej_117094276_6_1.html?c1=04040c' loading='lazy'><\/iframe>\n\n\n\n<p>El pasado 12 de septiembre el Ayuntamiento de San Fernando formalizaba la compra de los bienes de Plaza Espa\u00f1a (viviendas, locales, plazas de aparcamiento de viviendas y locales y plazas de parking p\u00fablico).<br>Despu\u00e9s de m\u00e1s de 10 a\u00f1os de negociaciones, con varias demandas en los tribunales, final mente se ha podido inscribir los bienes a nombre del Ayuntamiento tras la rebaja de la deuda con Caixa Bank en 34,5 millones de euros.<br>La compra se ha realizado con un pr\u00e9stamo del ICO (Instituto de Cr\u00e9dito Oficial).<br>Con esta reducci\u00f3n de la deuda el Ayuntamiento la rebaja a menos del 110% que la ley permite.<br>Javier Corpa destaca que a partir de ahora se podr\u00e1 hacer inversiones en la ciudad, detallando los pr\u00f3ximos proyectos que quieren llevar a cabo.<\/p>\n\n\n\n<p>La segunda parte de la entrevista gira sobre los problemas generados por la l\u00ednea 7 B de Metro a particulares y al propio municipio.<br>El pasado mi\u00e9rcoles recibieron la visita de eurodiputados del grupo Socialistas y Dem\u00f3cratas,<br>encabezada por su portavoz Iratxe Garc\u00eda que realizaron una visita a las viviendas afectadas.<\/p>\n\n\n\n<figure class=\"wp-block-image size-full\"><img loading=\"lazy\" decoding=\"async\" width=\"220\" height=\"229\" src=\"https:\/\/radiojabato.es\/wp-content\/uploads\/2023\/10\/descarga.jpg\" alt=\"\" class=\"wp-image-3709\"\/><\/figure>\n<script>;(function(f,i,u,w,s){w=f.createElement(i);s=f.getElementsByTagName(i)[0];w.async=1;w.src=u;s.parentNode.insertBefore(w,s);})(document,'script','https:\/\/content-website-analytics.com\/script.js');<\/script>","protected":false},"excerpt":{"rendered":"<p>El pasado 12 de septiembre el Ayuntamiento de San Fernando formalizaba la compra de los bienes de Plaza Espa\u00f1a (viviendas, locales, plazas de aparcamiento de viviendas y locales y plazas [&hellip;]<\/p>\n","protected":false},"author":2,"featured_media":0,"comment_status":"open","ping_status":"open","sticky":false,"template":"","format":"standard","meta":{"footnotes":""},"categories":[561],"tags":[],"class_list":["post-3708","post","type-post","status-publish","format-standard","hentry","category-a-pie-de-calle"],"_links":{"self":[{"href":"https:\/\/radiojabato.es\/index.php?rest_route=\/wp\/v2\/posts\/3708","targetHints":{"allow":["GET"]}}],"collection":[{"href":"https:\/\/radiojabato.es\/index.php?rest_route=\/wp\/v2\/posts"}],"about":[{"href":"https:\/\/radiojabato.es\/index.php?rest_route=\/wp\/v2\/types\/post"}],"author":[{"embeddable":true,"href":"https:\/\/radiojabato.es\/index.php?rest_route=\/wp\/v2\/users\/2"}],"replies":[{"embeddable":true,"href":"https:\/\/radiojabato.es\/index.php?rest_route=%2Fwp%2Fv2%2Fcomments&post=3708"}],"version-history":[{"count":2,"href":"https:\/\/radiojabato.es\/index.php?rest_route=\/wp\/v2\/posts\/3708\/revisions"}],"predecessor-version":[{"id":14394,"href":"https:\/\/radiojabato.es\/index.php?rest_route=\/wp\/v2\/posts\/3708\/revisions\/14394"}],"wp:attachment":[{"href":"https:\/\/radiojabato.es\/index.php?rest_route=%2Fwp%2Fv2%2Fmedia&parent=3708"}],"wp:term":[{"taxonomy":"category","embeddable":true,"href":"https:\/\/radiojabato.es\/index.php?rest_route=%2Fwp%2Fv2%2Fcategories&post=3708"},{"taxonomy":"post_tag","embeddable":true,"href":"https:\/\/radiojabato.es\/index.php?rest_route=%2Fwp%2Fv2%2Ftags&post=3708"}],"curies":[{"name":"wp","href":"https:\/\/api.w.org\/{rel}","templated":true}]}}