{"id":3687,"date":"2023-09-25T06:47:08","date_gmt":"2023-09-25T06:47:08","guid":{"rendered":"https:\/\/radiojabato.es\/?p=3687"},"modified":"2023-09-25T06:47:56","modified_gmt":"2023-09-25T06:47:56","slug":"xvii-jornadas-de-la-diversidad-funcional-23-09-2023","status":"publish","type":"post","link":"https:\/\/radiojabato.es\/?p=3687","title":{"rendered":"XVII  jornadas de la diversidad funcional (23\/09\/2023)"},"content":{"rendered":"\n<p>Radio Jabato particip\u00f3 de las XXVIII jornadas de diversidad funcional, en el d\u00eda 23 de septiembre, celebrada en la Plaza de Espa\u00f1a, junto con el resto de asociaciones, dando voz a los que se acercaran a la carpa donde ten\u00edamos el estudio port\u00e1til, como de manera m\u00f3vil, entrevistando a los distintos participantes. En estas jornadas hemos constatando la important\u00edsima labor que realizan estas asociaciones y todas en general. Destacar el agradecimiento a los participantes, es decir a todas las personas que llevan a cabo las diferentes labores en las que se centran estas asociaciones, haciendo una labor encomiable y necesaria, que da bienestar, apoyo, recursos psicol\u00f3gicos, compa\u00f1\u00eda y de nuevo apoyo, pero a las familias y cuidadores. Nuestro apoyo a todas en su labor, d\u00e1ndoles voz y participando con ellas.<\/p>\n\n\n\n<p>Tambi\u00e9n agradecimiento al ayuntamiento de San Fernando de Henares, a su alcalde Javier Corpa, a Guadalupe Pi\u00f1as, concejala de Bienestar Social y al cuerpo t\u00e9cnico, como personas que materializan las actividades de esta mesa de la diversidad, a la cual apoyamos y animamos a seguir y crecer, para hacer de San Fernando un municipio ejemplar en movimiento asociativo y participativo.<\/p>\n\n\n\n<p>Por \u00faltimo, agradecimientos tambi\u00e9n a los compis de Radio Jabato que hicieron posible esta retransmisi\u00f3n, David, Jes\u00fas, Juli\u00e1n y Paquito.<\/p>\n\n\n\n<iframe src=\"https:\/\/www.ivoox.com\/player_ej_116580505_6_1.html?c1=c10b0b\" width=\"100%\" height=\"200\" frameborder=\"0\" allowfullscreen=\"\" scrolling=\"no\" loading=\"lazy\"><\/iframe>\n","protected":false},"excerpt":{"rendered":"<p>Radio Jabato particip\u00f3 de las XXVIII jornadas de diversidad funcional, en el d\u00eda 23 de septiembre, celebrada en la Plaza de Espa\u00f1a, junto con el resto de asociaciones, dando voz [&hellip;]<\/p>\n","protected":false},"author":9,"featured_media":0,"comment_status":"open","ping_status":"open","sticky":false,"template":"","format":"standard","meta":{"footnotes":""},"categories":[561],"tags":[],"class_list":["post-3687","post","type-post","status-publish","format-standard","hentry","category-a-pie-de-calle"],"_links":{"self":[{"href":"https:\/\/radiojabato.es\/index.php?rest_route=\/wp\/v2\/posts\/3687","targetHints":{"allow":["GET"]}}],"collection":[{"href":"https:\/\/radiojabato.es\/index.php?rest_route=\/wp\/v2\/posts"}],"about":[{"href":"https:\/\/radiojabato.es\/index.php?rest_route=\/wp\/v2\/types\/post"}],"author":[{"embeddable":true,"href":"https:\/\/radiojabato.es\/index.php?rest_route=\/wp\/v2\/users\/9"}],"replies":[{"embeddable":true,"href":"https:\/\/radiojabato.es\/index.php?rest_route=%2Fwp%2Fv2%2Fcomments&post=3687"}],"version-history":[{"count":1,"href":"https:\/\/radiojabato.es\/index.php?rest_route=\/wp\/v2\/posts\/3687\/revisions"}],"predecessor-version":[{"id":3688,"href":"https:\/\/radiojabato.es\/index.php?rest_route=\/wp\/v2\/posts\/3687\/revisions\/3688"}],"wp:attachment":[{"href":"https:\/\/radiojabato.es\/index.php?rest_route=%2Fwp%2Fv2%2Fmedia&parent=3687"}],"wp:term":[{"taxonomy":"category","embeddable":true,"href":"https:\/\/radiojabato.es\/index.php?rest_route=%2Fwp%2Fv2%2Fcategories&post=3687"},{"taxonomy":"post_tag","embeddable":true,"href":"https:\/\/radiojabato.es\/index.php?rest_route=%2Fwp%2Fv2%2Ftags&post=3687"}],"curies":[{"name":"wp","href":"https:\/\/api.w.org\/{rel}","templated":true}]}}