{"id":3628,"date":"2023-08-04T09:23:22","date_gmt":"2023-08-04T09:23:22","guid":{"rendered":"https:\/\/radiojabato.es\/?p=3628"},"modified":"2023-08-04T09:23:22","modified_gmt":"2023-08-04T09:23:22","slug":"la-jabateka-un-agujero-en-el-cielo-entrevista-a-daniel-martinez","status":"publish","type":"post","link":"https:\/\/radiojabato.es\/?p=3628","title":{"rendered":"LA JABATEKA: Un agujero en el cielo. Entrevista a Daniel Mart\u00ednez"},"content":{"rendered":"\n<iframe frameborder='0' allowfullscreen='' scrolling='no' height='200' style='width:100%;' src='https:\/\/www.ivoox.com\/player_ej_113678028_6_1.html?c1=d03644' loading='lazy'><\/iframe>\n\n\n\n<p>Aqu\u00ed estamos con otro cap\u00edtulo m\u00e1s. Dani Dan vuelve a presentar y entrevista a Daniel Mart\u00ednez, profesional del montaje de escenarios y m\u00fasico dedicado al tributo con su banda Cocker All Band.<\/p>\n\n\n\n<p>Adem\u00e1s. Xavi Granda nos hablar\u00e1 del grupo ESCLARECIDOS y de su disco UN AGUJERO EN EL CIELO.<\/p>\n\n\n\n<p>Pinchad y disfrutad<\/p>\n\n\n\n<figure class=\"wp-block-image size-full is-resized\"><img loading=\"lazy\" decoding=\"async\" src=\"https:\/\/radiojabato.es\/wp-content\/uploads\/2023\/08\/photo_2023-06-08_19-27-54.jpg\" alt=\"\" class=\"wp-image-3629\" width=\"393\" height=\"282\" srcset=\"https:\/\/radiojabato.es\/wp-content\/uploads\/2023\/08\/photo_2023-06-08_19-27-54.jpg 720w, https:\/\/radiojabato.es\/wp-content\/uploads\/2023\/08\/photo_2023-06-08_19-27-54-300x215.jpg 300w\" sizes=\"auto, (max-width: 393px) 100vw, 393px\" \/><\/figure>\n","protected":false},"excerpt":{"rendered":"<p>Aqu\u00ed estamos con otro cap\u00edtulo m\u00e1s. Dani Dan vuelve a presentar y entrevista a Daniel Mart\u00ednez, profesional del montaje de escenarios y m\u00fasico dedicado al tributo con su banda Cocker [&hellip;]<\/p>\n","protected":false},"author":2,"featured_media":0,"comment_status":"open","ping_status":"open","sticky":false,"template":"","format":"standard","meta":{"footnotes":""},"categories":[870],"tags":[974,976,932,975],"class_list":["post-3628","post","type-post","status-publish","format-standard","hentry","category-la-jabateka","tag-daniel-martinez","tag-esclarecidos","tag-la-jabateka","tag-xavi-granda"],"_links":{"self":[{"href":"https:\/\/radiojabato.es\/index.php?rest_route=\/wp\/v2\/posts\/3628","targetHints":{"allow":["GET"]}}],"collection":[{"href":"https:\/\/radiojabato.es\/index.php?rest_route=\/wp\/v2\/posts"}],"about":[{"href":"https:\/\/radiojabato.es\/index.php?rest_route=\/wp\/v2\/types\/post"}],"author":[{"embeddable":true,"href":"https:\/\/radiojabato.es\/index.php?rest_route=\/wp\/v2\/users\/2"}],"replies":[{"embeddable":true,"href":"https:\/\/radiojabato.es\/index.php?rest_route=%2Fwp%2Fv2%2Fcomments&post=3628"}],"version-history":[{"count":1,"href":"https:\/\/radiojabato.es\/index.php?rest_route=\/wp\/v2\/posts\/3628\/revisions"}],"predecessor-version":[{"id":3630,"href":"https:\/\/radiojabato.es\/index.php?rest_route=\/wp\/v2\/posts\/3628\/revisions\/3630"}],"wp:attachment":[{"href":"https:\/\/radiojabato.es\/index.php?rest_route=%2Fwp%2Fv2%2Fmedia&parent=3628"}],"wp:term":[{"taxonomy":"category","embeddable":true,"href":"https:\/\/radiojabato.es\/index.php?rest_route=%2Fwp%2Fv2%2Fcategories&post=3628"},{"taxonomy":"post_tag","embeddable":true,"href":"https:\/\/radiojabato.es\/index.php?rest_route=%2Fwp%2Fv2%2Ftags&post=3628"}],"curies":[{"name":"wp","href":"https:\/\/api.w.org\/{rel}","templated":true}]}}