{"id":3555,"date":"2023-07-07T18:49:17","date_gmt":"2023-07-07T18:49:17","guid":{"rendered":"https:\/\/radiojabato.es\/?p=3555"},"modified":"2023-07-07T18:49:19","modified_gmt":"2023-07-07T18:49:19","slug":"a-pie-de-calle-edificio-dignidad-18-familias-con-18-menores-a-la-calle","status":"publish","type":"post","link":"https:\/\/radiojabato.es\/?p=3555","title":{"rendered":"A PIE DE CALLE: \u00abEdificio dignidad, 18 familias con 18 menores a la calle.\u00bb"},"content":{"rendered":"\n<iframe frameborder='0' allowfullscreen='' scrolling='no' height='200' style='width:100%;' src='https:\/\/www.ivoox.com\/player_ej_111975236_6_1.html?c1=04040c' loading='lazy'><\/iframe>\n\n\n\n<p>Entrevista desde el Ayuntamiento de M\u00f3stoles con Edificio Dignidad.<br>Por cuarta vez intentan una negociaci\u00f3n para dar soluci\u00f3n habitacional a las 18 familias con 18 menores. Personas en situaci\u00f3n de vulnerabilidad. Una situaci\u00f3n grave por la especulaci\u00f3n inmobiliaria.<br>Desalojo previsto para el 17 de julio.<\/p>\n\n\n\n<figure class=\"wp-block-image size-large is-resized\"><img loading=\"lazy\" decoding=\"async\" src=\"https:\/\/radiojabato.es\/wp-content\/uploads\/2023\/07\/photo_2023-07-07_20-19-10-1024x768.jpg\" alt=\"\" class=\"wp-image-3556\" width=\"594\" height=\"446\" srcset=\"https:\/\/radiojabato.es\/wp-content\/uploads\/2023\/07\/photo_2023-07-07_20-19-10-1024x768.jpg 1024w, https:\/\/radiojabato.es\/wp-content\/uploads\/2023\/07\/photo_2023-07-07_20-19-10-300x225.jpg 300w, https:\/\/radiojabato.es\/wp-content\/uploads\/2023\/07\/photo_2023-07-07_20-19-10-768x576.jpg 768w, https:\/\/radiojabato.es\/wp-content\/uploads\/2023\/07\/photo_2023-07-07_20-19-10.jpg 1280w\" sizes=\"auto, (max-width: 594px) 100vw, 594px\" \/><\/figure>\n","protected":false},"excerpt":{"rendered":"<p>Entrevista desde el Ayuntamiento de M\u00f3stoles con Edificio Dignidad.Por cuarta vez intentan una negociaci\u00f3n para dar soluci\u00f3n habitacional a las 18 familias con 18 menores. Personas en situaci\u00f3n de vulnerabilidad. [&hellip;]<\/p>\n","protected":false},"author":2,"featured_media":0,"comment_status":"open","ping_status":"open","sticky":false,"template":"","format":"standard","meta":{"footnotes":""},"categories":[561],"tags":[786,312,796,476],"class_list":["post-3555","post","type-post","status-publish","format-standard","hentry","category-a-pie-de-calle","tag-derecho-a-la-vivienda","tag-desahucios","tag-edificio-dignidad","tag-mostoles"],"_links":{"self":[{"href":"https:\/\/radiojabato.es\/index.php?rest_route=\/wp\/v2\/posts\/3555","targetHints":{"allow":["GET"]}}],"collection":[{"href":"https:\/\/radiojabato.es\/index.php?rest_route=\/wp\/v2\/posts"}],"about":[{"href":"https:\/\/radiojabato.es\/index.php?rest_route=\/wp\/v2\/types\/post"}],"author":[{"embeddable":true,"href":"https:\/\/radiojabato.es\/index.php?rest_route=\/wp\/v2\/users\/2"}],"replies":[{"embeddable":true,"href":"https:\/\/radiojabato.es\/index.php?rest_route=%2Fwp%2Fv2%2Fcomments&post=3555"}],"version-history":[{"count":1,"href":"https:\/\/radiojabato.es\/index.php?rest_route=\/wp\/v2\/posts\/3555\/revisions"}],"predecessor-version":[{"id":3557,"href":"https:\/\/radiojabato.es\/index.php?rest_route=\/wp\/v2\/posts\/3555\/revisions\/3557"}],"wp:attachment":[{"href":"https:\/\/radiojabato.es\/index.php?rest_route=%2Fwp%2Fv2%2Fmedia&parent=3555"}],"wp:term":[{"taxonomy":"category","embeddable":true,"href":"https:\/\/radiojabato.es\/index.php?rest_route=%2Fwp%2Fv2%2Fcategories&post=3555"},{"taxonomy":"post_tag","embeddable":true,"href":"https:\/\/radiojabato.es\/index.php?rest_route=%2Fwp%2Fv2%2Ftags&post=3555"}],"curies":[{"name":"wp","href":"https:\/\/api.w.org\/{rel}","templated":true}]}}