{"id":3552,"date":"2023-07-07T18:05:04","date_gmt":"2023-07-07T18:05:04","guid":{"rendered":"https:\/\/radiojabato.es\/?p=3552"},"modified":"2023-07-07T18:05:07","modified_gmt":"2023-07-07T18:05:07","slug":"la-jabateka-tormentas-imaginarias-entrevista-a-j-m-guerra","status":"publish","type":"post","link":"https:\/\/radiojabato.es\/?p=3552","title":{"rendered":"LA JABATEKA: \u00abTormentas imaginarias. Entrevista a J.M Guerra\u00bb"},"content":{"rendered":"\n<iframe frameborder='0' allowfullscreen='' scrolling='no' height='200' style='width:100%;' src='https:\/\/www.ivoox.com\/player_ej_111905833_6_1.html?c1=d03644' loading='lazy'><\/iframe>\n\n\n\n<p>En esta entrega de La Jabateka vuelve a ser Dani Dan el presentador, quien entrevista al artista de m\u00fasica electr\u00f3nica Jos\u00e9 Manuel Guerra. Adem\u00e1s disfrutaremos de la secci\u00f3n \u00abM\u00fasica a lo Granda\u00bb en la que Xavi nos hablar\u00e1 del disco \u00abTormentas Imaginarias\u00bb del grupo 091 y de su l\u00edder. el m\u00fasico y compositor Jos\u00e9 Ignacio Lapido.<\/p>\n\n\n\n<p>Y entre ambas cosa, como no, podr\u00e9is disfrutar de temas musicales muy variados.<\/p>\n\n\n\n<p>Que lo disfrut\u00e9is<\/p>\n\n\n\n<figure class=\"wp-block-image size-full is-resized\"><img loading=\"lazy\" decoding=\"async\" src=\"https:\/\/radiojabato.es\/wp-content\/uploads\/2023\/07\/photo_2023-06-08_19-27-54.jpg\" alt=\"\" class=\"wp-image-3553\" width=\"340\" height=\"244\" srcset=\"https:\/\/radiojabato.es\/wp-content\/uploads\/2023\/07\/photo_2023-06-08_19-27-54.jpg 720w, https:\/\/radiojabato.es\/wp-content\/uploads\/2023\/07\/photo_2023-06-08_19-27-54-300x215.jpg 300w\" sizes=\"auto, (max-width: 340px) 100vw, 340px\" \/><\/figure>\n","protected":false},"excerpt":{"rendered":"<p>En esta entrega de La Jabateka vuelve a ser Dani Dan el presentador, quien entrevista al artista de m\u00fasica electr\u00f3nica Jos\u00e9 Manuel Guerra. Adem\u00e1s disfrutaremos de la secci\u00f3n \u00abM\u00fasica a [&hellip;]<\/p>\n","protected":false},"author":2,"featured_media":0,"comment_status":"open","ping_status":"open","sticky":false,"template":"","format":"standard","meta":{"footnotes":""},"categories":[870],"tags":[948,932,947,110],"class_list":["post-3552","post","type-post","status-publish","format-standard","hentry","category-la-jabateka","tag-alternativa","tag-la-jabateka","tag-pop","tag-rock"],"_links":{"self":[{"href":"https:\/\/radiojabato.es\/index.php?rest_route=\/wp\/v2\/posts\/3552","targetHints":{"allow":["GET"]}}],"collection":[{"href":"https:\/\/radiojabato.es\/index.php?rest_route=\/wp\/v2\/posts"}],"about":[{"href":"https:\/\/radiojabato.es\/index.php?rest_route=\/wp\/v2\/types\/post"}],"author":[{"embeddable":true,"href":"https:\/\/radiojabato.es\/index.php?rest_route=\/wp\/v2\/users\/2"}],"replies":[{"embeddable":true,"href":"https:\/\/radiojabato.es\/index.php?rest_route=%2Fwp%2Fv2%2Fcomments&post=3552"}],"version-history":[{"count":1,"href":"https:\/\/radiojabato.es\/index.php?rest_route=\/wp\/v2\/posts\/3552\/revisions"}],"predecessor-version":[{"id":3554,"href":"https:\/\/radiojabato.es\/index.php?rest_route=\/wp\/v2\/posts\/3552\/revisions\/3554"}],"wp:attachment":[{"href":"https:\/\/radiojabato.es\/index.php?rest_route=%2Fwp%2Fv2%2Fmedia&parent=3552"}],"wp:term":[{"taxonomy":"category","embeddable":true,"href":"https:\/\/radiojabato.es\/index.php?rest_route=%2Fwp%2Fv2%2Fcategories&post=3552"},{"taxonomy":"post_tag","embeddable":true,"href":"https:\/\/radiojabato.es\/index.php?rest_route=%2Fwp%2Fv2%2Ftags&post=3552"}],"curies":[{"name":"wp","href":"https:\/\/api.w.org\/{rel}","templated":true}]}}