{"id":3520,"date":"2023-06-29T19:47:32","date_gmt":"2023-06-29T19:47:32","guid":{"rendered":"https:\/\/radiojabato.es\/?p=3520"},"modified":"2023-06-29T19:47:34","modified_gmt":"2023-06-29T19:47:34","slug":"a-pie-de-calle-debate-i-jornada-sin-gluten","status":"publish","type":"post","link":"https:\/\/radiojabato.es\/?p=3520","title":{"rendered":"A Pie De Calle: \u00abDEBATE I JORNADA SIN GLUTEN\u00bb"},"content":{"rendered":"\n<iframe frameborder='0' allowfullscreen='' scrolling='no' height='200' style='width:100%;' src='https:\/\/www.ivoox.com\/player_ej_111446776_6_1.html?c1=04040c' loading='lazy'><\/iframe>\n\n\n\n<p>En el mes de Mayo se celebr\u00f3 la I Jornada Sin Gluten del Corredor del Henares organizada por pacientes para pacientes, gracias al apoyo y colaboraci\u00f3n de la \u201cAsociaci\u00f3n de vecinos del Cerro\u201d y de la Concejal\u00eda de Participaci\u00f3n del Ayuntamiento de Coslada.<br>El lugar elegido fue el Centro C\u00edvico del Cerro, con la ponencia de Susana Conde (Grabada deficientemente por el espacio) y una mesa redonda que grabamos con algo m\u00e1s de facilidad con grandes nombres del mundo sin gluten.<br>EDITADO POR PAQUITO CORIA.<\/p>\n\n\n\n<figure class=\"wp-block-gallery has-nested-images columns-default is-cropped wp-block-gallery-1 is-layout-flex wp-block-gallery-is-layout-flex\">\n<figure class=\"wp-block-image size-large\"><img loading=\"lazy\" decoding=\"async\" width=\"1024\" height=\"768\" data-id=\"3522\" src=\"https:\/\/radiojabato.es\/wp-content\/uploads\/2023\/06\/comida-sglu.jpg\" alt=\"\" class=\"wp-image-3522\" srcset=\"https:\/\/radiojabato.es\/wp-content\/uploads\/2023\/06\/comida-sglu.jpg 1024w, https:\/\/radiojabato.es\/wp-content\/uploads\/2023\/06\/comida-sglu-300x225.jpg 300w, https:\/\/radiojabato.es\/wp-content\/uploads\/2023\/06\/comida-sglu-768x576.jpg 768w\" sizes=\"auto, (max-width: 1024px) 100vw, 1024px\" \/><\/figure>\n\n\n\n<figure class=\"wp-block-image size-large\"><img loading=\"lazy\" decoding=\"async\" width=\"726\" height=\"1024\" data-id=\"3525\" src=\"https:\/\/radiojabato.es\/wp-content\/uploads\/2023\/06\/I-jornada-sin-gluten-726x1024.jpg\" alt=\"\" class=\"wp-image-3525\" srcset=\"https:\/\/radiojabato.es\/wp-content\/uploads\/2023\/06\/I-jornada-sin-gluten-726x1024.jpg 726w, https:\/\/radiojabato.es\/wp-content\/uploads\/2023\/06\/I-jornada-sin-gluten-213x300.jpg 213w, https:\/\/radiojabato.es\/wp-content\/uploads\/2023\/06\/I-jornada-sin-gluten-768x1083.jpg 768w, https:\/\/radiojabato.es\/wp-content\/uploads\/2023\/06\/I-jornada-sin-gluten.jpg 908w\" sizes=\"auto, (max-width: 726px) 100vw, 726px\" \/><\/figure>\n\n\n\n<figure class=\"wp-block-image size-large\"><img loading=\"lazy\" decoding=\"async\" width=\"370\" height=\"370\" data-id=\"3526\" src=\"https:\/\/radiojabato.es\/wp-content\/uploads\/2023\/06\/logo-sin-gluten.jpg\" alt=\"\" class=\"wp-image-3526\" srcset=\"https:\/\/radiojabato.es\/wp-content\/uploads\/2023\/06\/logo-sin-gluten.jpg 370w, https:\/\/radiojabato.es\/wp-content\/uploads\/2023\/06\/logo-sin-gluten-300x300.jpg 300w, https:\/\/radiojabato.es\/wp-content\/uploads\/2023\/06\/logo-sin-gluten-150x150.jpg 150w\" sizes=\"auto, (max-width: 370px) 100vw, 370px\" \/><\/figure>\n\n\n\n<figure class=\"wp-block-image size-large\"><img loading=\"lazy\" decoding=\"async\" width=\"1024\" height=\"576\" data-id=\"3523\" src=\"https:\/\/radiojabato.es\/wp-content\/uploads\/2023\/06\/mesa-2-sglu-1024x576.jpg\" alt=\"\" class=\"wp-image-3523\" srcset=\"https:\/\/radiojabato.es\/wp-content\/uploads\/2023\/06\/mesa-2-sglu-1024x576.jpg 1024w, https:\/\/radiojabato.es\/wp-content\/uploads\/2023\/06\/mesa-2-sglu-300x169.jpg 300w, https:\/\/radiojabato.es\/wp-content\/uploads\/2023\/06\/mesa-2-sglu-768x432.jpg 768w, https:\/\/radiojabato.es\/wp-content\/uploads\/2023\/06\/mesa-2-sglu.jpg 1280w\" sizes=\"auto, (max-width: 1024px) 100vw, 1024px\" \/><\/figure>\n\n\n\n<figure class=\"wp-block-image size-large\"><img loading=\"lazy\" decoding=\"async\" width=\"1024\" height=\"768\" data-id=\"3527\" src=\"https:\/\/radiojabato.es\/wp-content\/uploads\/2023\/06\/sglu-invita-1024x768.jpg\" alt=\"\" class=\"wp-image-3527\" srcset=\"https:\/\/radiojabato.es\/wp-content\/uploads\/2023\/06\/sglu-invita-1024x768.jpg 1024w, https:\/\/radiojabato.es\/wp-content\/uploads\/2023\/06\/sglu-invita-300x225.jpg 300w, https:\/\/radiojabato.es\/wp-content\/uploads\/2023\/06\/sglu-invita-768x576.jpg 768w, https:\/\/radiojabato.es\/wp-content\/uploads\/2023\/06\/sglu-invita.jpg 1280w\" sizes=\"auto, (max-width: 1024px) 100vw, 1024px\" \/><\/figure>\n\n\n\n<figure class=\"wp-block-image size-large\"><img loading=\"lazy\" decoding=\"async\" width=\"576\" height=\"1024\" data-id=\"3521\" src=\"https:\/\/radiojabato.es\/wp-content\/uploads\/2023\/06\/sglu-prmios-576x1024.jpg\" alt=\"\" class=\"wp-image-3521\" srcset=\"https:\/\/radiojabato.es\/wp-content\/uploads\/2023\/06\/sglu-prmios-576x1024.jpg 576w, https:\/\/radiojabato.es\/wp-content\/uploads\/2023\/06\/sglu-prmios-169x300.jpg 169w, https:\/\/radiojabato.es\/wp-content\/uploads\/2023\/06\/sglu-prmios.jpg 720w\" sizes=\"auto, (max-width: 576px) 100vw, 576px\" \/><\/figure>\n\n\n\n<figure class=\"wp-block-image size-large\"><img loading=\"lazy\" decoding=\"async\" width=\"1024\" height=\"768\" data-id=\"3524\" src=\"https:\/\/radiojabato.es\/wp-content\/uploads\/2023\/06\/sin-glu-jes-y-pi-1024x768.jpg\" alt=\"\" class=\"wp-image-3524\" srcset=\"https:\/\/radiojabato.es\/wp-content\/uploads\/2023\/06\/sin-glu-jes-y-pi-1024x768.jpg 1024w, https:\/\/radiojabato.es\/wp-content\/uploads\/2023\/06\/sin-glu-jes-y-pi-300x225.jpg 300w, https:\/\/radiojabato.es\/wp-content\/uploads\/2023\/06\/sin-glu-jes-y-pi-768x576.jpg 768w, https:\/\/radiojabato.es\/wp-content\/uploads\/2023\/06\/sin-glu-jes-y-pi.jpg 1280w\" sizes=\"auto, (max-width: 1024px) 100vw, 1024px\" \/><\/figure>\n<\/figure>\n","protected":false},"excerpt":{"rendered":"<p>En el mes de Mayo se celebr\u00f3 la I Jornada Sin Gluten del Corredor del Henares organizada por pacientes para pacientes, gracias al apoyo y colaboraci\u00f3n de la \u201cAsociaci\u00f3n de [&hellip;]<\/p>\n","protected":false},"author":2,"featured_media":0,"comment_status":"open","ping_status":"open","sticky":false,"template":"","format":"standard","meta":{"footnotes":""},"categories":[561],"tags":[540,210],"class_list":["post-3520","post","type-post","status-publish","format-standard","hentry","category-a-pie-de-calle","tag-coslada-y-sanfer-sin-gluten","tag-debate"],"_links":{"self":[{"href":"https:\/\/radiojabato.es\/index.php?rest_route=\/wp\/v2\/posts\/3520","targetHints":{"allow":["GET"]}}],"collection":[{"href":"https:\/\/radiojabato.es\/index.php?rest_route=\/wp\/v2\/posts"}],"about":[{"href":"https:\/\/radiojabato.es\/index.php?rest_route=\/wp\/v2\/types\/post"}],"author":[{"embeddable":true,"href":"https:\/\/radiojabato.es\/index.php?rest_route=\/wp\/v2\/users\/2"}],"replies":[{"embeddable":true,"href":"https:\/\/radiojabato.es\/index.php?rest_route=%2Fwp%2Fv2%2Fcomments&post=3520"}],"version-history":[{"count":1,"href":"https:\/\/radiojabato.es\/index.php?rest_route=\/wp\/v2\/posts\/3520\/revisions"}],"predecessor-version":[{"id":3528,"href":"https:\/\/radiojabato.es\/index.php?rest_route=\/wp\/v2\/posts\/3520\/revisions\/3528"}],"wp:attachment":[{"href":"https:\/\/radiojabato.es\/index.php?rest_route=%2Fwp%2Fv2%2Fmedia&parent=3520"}],"wp:term":[{"taxonomy":"category","embeddable":true,"href":"https:\/\/radiojabato.es\/index.php?rest_route=%2Fwp%2Fv2%2Fcategories&post=3520"},{"taxonomy":"post_tag","embeddable":true,"href":"https:\/\/radiojabato.es\/index.php?rest_route=%2Fwp%2Fv2%2Ftags&post=3520"}],"curies":[{"name":"wp","href":"https:\/\/api.w.org\/{rel}","templated":true}]}}