{"id":3515,"date":"2023-06-29T18:14:06","date_gmt":"2023-06-29T18:14:06","guid":{"rendered":"https:\/\/radiojabato.es\/?p=3515"},"modified":"2023-06-29T18:14:06","modified_gmt":"2023-06-29T18:14:06","slug":"cosas-de-los-nadie-ander-iriarte-karpeta-urdinak-carpetas-azules","status":"publish","type":"post","link":"https:\/\/radiojabato.es\/?p=3515","title":{"rendered":"Cosas De Los Nadie: \u00abAnder Iriarte, Karpeta Urdinak (Carpetas Azules)\u00bb"},"content":{"rendered":"\n<iframe frameborder='0' allowfullscreen='' scrolling='no' height='200' style='width:100%;' src='https:\/\/www.ivoox.com\/player_ej_111443636_6_1.html?c1=060914' loading='lazy'><\/iframe>\n\n\n\n<p>Entrevista a Ander Iriarte, director y guionista que ante lo que le ocurri\u00f3 a su padre decide investigar la tortura y malos tratos en el Pa\u00eds Vasco entre 1960-2014, con un proyecto elaborado por el Gobierno Vasco en el marco del Plan de Paz y Convivencia.<br>Los resultados del proyecto, \u00abKarpeta Urdinak\u00bb (Carpeta Azul) son escalofriantes, hablamos de tortura, tortura psicol\u00f3gica, con m\u00e1s de 5000 casos reconocidos con sospechas de m\u00e1s de 10000, muchos en \u00abDemocracia\u00bb.<br>De la importancia del reconocimiento del dolor mutuo, del \u00abno querer reconocer, no querer saber\u00bb de la gente y del \u00abInsistir, Resistir y No Desistir.\u00bb<\/p>\n\n\n\n<figure class=\"wp-block-gallery has-nested-images columns-default is-cropped wp-block-gallery-1 is-layout-flex wp-block-gallery-is-layout-flex\">\n<figure class=\"wp-block-image size-large\"><img loading=\"lazy\" decoding=\"async\" width=\"185\" height=\"273\" data-id=\"3518\" src=\"https:\/\/radiojabato.es\/wp-content\/uploads\/2023\/06\/descarga.jpg\" alt=\"\" class=\"wp-image-3518\"\/><\/figure>\n\n\n\n<figure class=\"wp-block-image size-large\"><img loading=\"lazy\" decoding=\"async\" width=\"300\" height=\"168\" data-id=\"3516\" src=\"https:\/\/radiojabato.es\/wp-content\/uploads\/2023\/06\/images-1.jpg\" alt=\"\" class=\"wp-image-3516\"\/><\/figure>\n\n\n\n<figure class=\"wp-block-image size-large\"><img loading=\"lazy\" decoding=\"async\" width=\"284\" height=\"177\" data-id=\"3517\" src=\"https:\/\/radiojabato.es\/wp-content\/uploads\/2023\/06\/images.jpg\" alt=\"\" class=\"wp-image-3517\"\/><\/figure>\n<\/figure>\n","protected":false},"excerpt":{"rendered":"<p>Entrevista a Ander Iriarte, director y guionista que ante lo que le ocurri\u00f3 a su padre decide investigar la tortura y malos tratos en el Pa\u00eds Vasco entre 1960-2014, con [&hellip;]<\/p>\n","protected":false},"author":2,"featured_media":0,"comment_status":"open","ping_status":"open","sticky":false,"template":"","format":"standard","meta":{"footnotes":""},"categories":[37],"tags":[924,387,926],"class_list":["post-3515","post","type-post","status-publish","format-standard","hentry","category-cosas-de-los-nadie","tag-ander-iriarte","tag-antolin-pulido-vazquez","tag-carpetas-azules"],"_links":{"self":[{"href":"https:\/\/radiojabato.es\/index.php?rest_route=\/wp\/v2\/posts\/3515","targetHints":{"allow":["GET"]}}],"collection":[{"href":"https:\/\/radiojabato.es\/index.php?rest_route=\/wp\/v2\/posts"}],"about":[{"href":"https:\/\/radiojabato.es\/index.php?rest_route=\/wp\/v2\/types\/post"}],"author":[{"embeddable":true,"href":"https:\/\/radiojabato.es\/index.php?rest_route=\/wp\/v2\/users\/2"}],"replies":[{"embeddable":true,"href":"https:\/\/radiojabato.es\/index.php?rest_route=%2Fwp%2Fv2%2Fcomments&post=3515"}],"version-history":[{"count":1,"href":"https:\/\/radiojabato.es\/index.php?rest_route=\/wp\/v2\/posts\/3515\/revisions"}],"predecessor-version":[{"id":3519,"href":"https:\/\/radiojabato.es\/index.php?rest_route=\/wp\/v2\/posts\/3515\/revisions\/3519"}],"wp:attachment":[{"href":"https:\/\/radiojabato.es\/index.php?rest_route=%2Fwp%2Fv2%2Fmedia&parent=3515"}],"wp:term":[{"taxonomy":"category","embeddable":true,"href":"https:\/\/radiojabato.es\/index.php?rest_route=%2Fwp%2Fv2%2Fcategories&post=3515"},{"taxonomy":"post_tag","embeddable":true,"href":"https:\/\/radiojabato.es\/index.php?rest_route=%2Fwp%2Fv2%2Ftags&post=3515"}],"curies":[{"name":"wp","href":"https:\/\/api.w.org\/{rel}","templated":true}]}}