{"id":3508,"date":"2023-06-23T17:51:24","date_gmt":"2023-06-23T17:51:24","guid":{"rendered":"https:\/\/radiojabato.es\/?p=3508"},"modified":"2023-06-23T17:51:25","modified_gmt":"2023-06-23T17:51:25","slug":"radio-fshd-dr-miguel-angel-rubio-neurologo-del-hospital-del-mar-de-barcelona","status":"publish","type":"post","link":"https:\/\/radiojabato.es\/?p=3508","title":{"rendered":"RADIO FSHD: \u00abDr. Miguel \u00c1ngel Rubio, Neur\u00f3logo del Hospital del Mar de Barcelona.\u00bb"},"content":{"rendered":"\n<iframe frameborder='0' allowfullscreen='' scrolling='no' height='200' style='width:100%;' src='https:\/\/www.ivoox.com\/player_ej_111051314_6_1.html?c1=fc941c' loading='lazy'><\/iframe>\n\n\n\n<p>Hablamos con Miguel \u00c1ngel Rubio Neur\u00f3logo del hospital del Mar de Barcelona Con quien comentamos el pasado congreso que FSHD-Spain realiz\u00f3 el pasado Mayo, sus impresiones, la necesidad del movimiento asociativo en las enfermedades raras, as\u00ed como la necesidad de presi\u00f3n por parte de las asociaciones para favorecer el estudio, diagn\u00f3stico, medios para ello y m\u00e1s,\u00a0mucho\u00a0m\u00e1s&#8230;<\/p>\n\n\n\n<figure class=\"wp-block-image size-full is-resized\"><img loading=\"lazy\" decoding=\"async\" src=\"https:\/\/radiojabato.es\/wp-content\/uploads\/2023\/06\/photo_2023-05-26_19-44-37-1.jpg\" alt=\"\" class=\"wp-image-3511\" width=\"259\" height=\"367\" srcset=\"https:\/\/radiojabato.es\/wp-content\/uploads\/2023\/06\/photo_2023-05-26_19-44-37-1.jpg 720w, https:\/\/radiojabato.es\/wp-content\/uploads\/2023\/06\/photo_2023-05-26_19-44-37-1-212x300.jpg 212w\" sizes=\"auto, (max-width: 259px) 100vw, 259px\" \/><\/figure>\n\n\n\n<figure class=\"wp-block-image size-full is-resized\"><img loading=\"lazy\" decoding=\"async\" src=\"https:\/\/radiojabato.es\/wp-content\/uploads\/2023\/06\/MR_baixa-330x242-2.jpg\" alt=\"\" class=\"wp-image-3512\" width=\"171\" height=\"125\" srcset=\"https:\/\/radiojabato.es\/wp-content\/uploads\/2023\/06\/MR_baixa-330x242-2.jpg 330w, https:\/\/radiojabato.es\/wp-content\/uploads\/2023\/06\/MR_baixa-330x242-2-300x220.jpg 300w\" sizes=\"auto, (max-width: 171px) 100vw, 171px\" \/><\/figure>\n","protected":false},"excerpt":{"rendered":"<p>Hablamos con Miguel \u00c1ngel Rubio Neur\u00f3logo del hospital del Mar de Barcelona Con quien comentamos el pasado congreso que FSHD-Spain realiz\u00f3 el pasado Mayo, sus impresiones, la necesidad del movimiento [&hellip;]<\/p>\n","protected":false},"author":2,"featured_media":0,"comment_status":"open","ping_status":"open","sticky":false,"template":"","format":"standard","meta":{"footnotes":""},"categories":[532],"tags":[329,855,922,921],"class_list":["post-3508","post","type-post","status-publish","format-standard","hentry","category-radio-fshd","tag-enfermedades-raras","tag-fshd-spain","tag-hospital-del-mar","tag-neurologia"],"_links":{"self":[{"href":"https:\/\/radiojabato.es\/index.php?rest_route=\/wp\/v2\/posts\/3508","targetHints":{"allow":["GET"]}}],"collection":[{"href":"https:\/\/radiojabato.es\/index.php?rest_route=\/wp\/v2\/posts"}],"about":[{"href":"https:\/\/radiojabato.es\/index.php?rest_route=\/wp\/v2\/types\/post"}],"author":[{"embeddable":true,"href":"https:\/\/radiojabato.es\/index.php?rest_route=\/wp\/v2\/users\/2"}],"replies":[{"embeddable":true,"href":"https:\/\/radiojabato.es\/index.php?rest_route=%2Fwp%2Fv2%2Fcomments&post=3508"}],"version-history":[{"count":1,"href":"https:\/\/radiojabato.es\/index.php?rest_route=\/wp\/v2\/posts\/3508\/revisions"}],"predecessor-version":[{"id":3513,"href":"https:\/\/radiojabato.es\/index.php?rest_route=\/wp\/v2\/posts\/3508\/revisions\/3513"}],"wp:attachment":[{"href":"https:\/\/radiojabato.es\/index.php?rest_route=%2Fwp%2Fv2%2Fmedia&parent=3508"}],"wp:term":[{"taxonomy":"category","embeddable":true,"href":"https:\/\/radiojabato.es\/index.php?rest_route=%2Fwp%2Fv2%2Fcategories&post=3508"},{"taxonomy":"post_tag","embeddable":true,"href":"https:\/\/radiojabato.es\/index.php?rest_route=%2Fwp%2Fv2%2Ftags&post=3508"}],"curies":[{"name":"wp","href":"https:\/\/api.w.org\/{rel}","templated":true}]}}