{"id":3504,"date":"2023-06-23T07:09:43","date_gmt":"2023-06-23T07:09:43","guid":{"rendered":"https:\/\/radiojabato.es\/?p=3504"},"modified":"2023-06-23T07:09:44","modified_gmt":"2023-06-23T07:09:44","slug":"coslada-accesible-macarena-orosa-secretaria-del-psoe-coslada-y-juanma-agarbe-una-enfermedad-cambia-la-vida","status":"publish","type":"post","link":"https:\/\/radiojabato.es\/?p=3504","title":{"rendered":"Coslada Accesible: \u00abMacarena Orosa, Secretaria del Psoe Coslada y Juanma Agarbe, una enfermedad cambia la vida.\u00bb"},"content":{"rendered":"\n<iframe frameborder='0' allowfullscreen='' scrolling='no' height='200' style='width:100%;' src='https:\/\/www.ivoox.com\/player_ej_111022414_6_1.html?c1=f9ea0c' loading='lazy'><\/iframe>\n\n\n\n<p>Entrevista a Macarena Orosa, Secretaria del Psoe Coslada, comentamos una valoraci\u00f3n de los resultados electorales y c\u00f3mo se han desarrollado las negociaciones con los otros partidos socios del gobierno entrante.<br>A continuaci\u00f3n, con nuestro colaborador Juanma Agarbe, hablamos de accesibilidad y nos comenta como una enfermedad que llega por sorpresa cambia la vida.<\/p>\n\n\n\n<figure class=\"wp-block-gallery has-nested-images columns-default is-cropped wp-block-gallery-1 is-layout-flex wp-block-gallery-is-layout-flex\">\n<figure class=\"wp-block-image size-large\"><img loading=\"lazy\" decoding=\"async\" width=\"1024\" height=\"768\" data-id=\"3505\" src=\"https:\/\/radiojabato.es\/wp-content\/uploads\/2023\/06\/photo_2023-06-23_08-54-52.jpg\" alt=\"\" class=\"wp-image-3505\" srcset=\"https:\/\/radiojabato.es\/wp-content\/uploads\/2023\/06\/photo_2023-06-23_08-54-52.jpg 1024w, https:\/\/radiojabato.es\/wp-content\/uploads\/2023\/06\/photo_2023-06-23_08-54-52-300x225.jpg 300w, https:\/\/radiojabato.es\/wp-content\/uploads\/2023\/06\/photo_2023-06-23_08-54-52-768x576.jpg 768w\" sizes=\"auto, (max-width: 1024px) 100vw, 1024px\" \/><\/figure>\n\n\n\n<figure class=\"wp-block-image size-large\"><img loading=\"lazy\" decoding=\"async\" width=\"1024\" height=\"768\" data-id=\"3506\" src=\"https:\/\/radiojabato.es\/wp-content\/uploads\/2023\/06\/photo_2023-06-23_08-55-10.jpg\" alt=\"\" class=\"wp-image-3506\" srcset=\"https:\/\/radiojabato.es\/wp-content\/uploads\/2023\/06\/photo_2023-06-23_08-55-10.jpg 1024w, https:\/\/radiojabato.es\/wp-content\/uploads\/2023\/06\/photo_2023-06-23_08-55-10-300x225.jpg 300w, https:\/\/radiojabato.es\/wp-content\/uploads\/2023\/06\/photo_2023-06-23_08-55-10-768x576.jpg 768w\" sizes=\"auto, (max-width: 1024px) 100vw, 1024px\" \/><\/figure>\n<\/figure>\n","protected":false},"excerpt":{"rendered":"<p>Entrevista a Macarena Orosa, Secretaria del Psoe Coslada, comentamos una valoraci\u00f3n de los resultados electorales y c\u00f3mo se han desarrollado las negociaciones con los otros partidos socios del gobierno entrante.A [&hellip;]<\/p>\n","protected":false},"author":2,"featured_media":0,"comment_status":"open","ping_status":"open","sticky":false,"template":"","format":"standard","meta":{"footnotes":""},"categories":[337],"tags":[493,918,656],"class_list":["post-3504","post","type-post","status-publish","format-standard","hentry","category-coslada-accesible","tag-coslada-accesible","tag-macarena-orosa","tag-psoe-coslada"],"_links":{"self":[{"href":"https:\/\/radiojabato.es\/index.php?rest_route=\/wp\/v2\/posts\/3504","targetHints":{"allow":["GET"]}}],"collection":[{"href":"https:\/\/radiojabato.es\/index.php?rest_route=\/wp\/v2\/posts"}],"about":[{"href":"https:\/\/radiojabato.es\/index.php?rest_route=\/wp\/v2\/types\/post"}],"author":[{"embeddable":true,"href":"https:\/\/radiojabato.es\/index.php?rest_route=\/wp\/v2\/users\/2"}],"replies":[{"embeddable":true,"href":"https:\/\/radiojabato.es\/index.php?rest_route=%2Fwp%2Fv2%2Fcomments&post=3504"}],"version-history":[{"count":1,"href":"https:\/\/radiojabato.es\/index.php?rest_route=\/wp\/v2\/posts\/3504\/revisions"}],"predecessor-version":[{"id":3507,"href":"https:\/\/radiojabato.es\/index.php?rest_route=\/wp\/v2\/posts\/3504\/revisions\/3507"}],"wp:attachment":[{"href":"https:\/\/radiojabato.es\/index.php?rest_route=%2Fwp%2Fv2%2Fmedia&parent=3504"}],"wp:term":[{"taxonomy":"category","embeddable":true,"href":"https:\/\/radiojabato.es\/index.php?rest_route=%2Fwp%2Fv2%2Fcategories&post=3504"},{"taxonomy":"post_tag","embeddable":true,"href":"https:\/\/radiojabato.es\/index.php?rest_route=%2Fwp%2Fv2%2Ftags&post=3504"}],"curies":[{"name":"wp","href":"https:\/\/api.w.org\/{rel}","templated":true}]}}