{"id":3484,"date":"2023-06-19T12:05:09","date_gmt":"2023-06-19T12:05:09","guid":{"rendered":"https:\/\/radiojabato.es\/?p=3484"},"modified":"2026-04-20T15:42:28","modified_gmt":"2026-04-20T15:42:28","slug":"el-quijote4-3-larumbe-danza-en-institutos-corto-in-conexion","status":"publish","type":"post","link":"https:\/\/radiojabato.es\/?p=3484","title":{"rendered":"El Quijote4.3 &#8211; Larumbe Danza en institutos; corto \u00abIn-conexion\u00bb."},"content":{"rendered":"\n<p>Juan Larumbe, visita el estudio de Radio Jabato para contarnos el \u00faltimo proyecto en los institutos de Coslada (IES Mar\u00eda Moliner e IES Miguel Catal\u00e1n), con el corto titulado \u00abIn-conexion\u00bb. No hay silencio en el idioma universal de la expresividad corporal que envolvi\u00f3 las emociones a l@s j\u00f3venes que participaron.<br>\u00a1Gracias!<\/p>\n\n\n\n<figure class=\"wp-block-gallery has-nested-images columns-default is-cropped wp-block-gallery-1 is-layout-flex wp-block-gallery-is-layout-flex\">\n<figure class=\"wp-block-image size-large\"><img loading=\"lazy\" decoding=\"async\" width=\"1024\" height=\"768\" data-id=\"3485\" src=\"https:\/\/radiojabato.es\/wp-content\/uploads\/2023\/06\/IMG_20230619_134529_675-1024x768.jpg\" alt=\"\" class=\"wp-image-3485\" srcset=\"https:\/\/radiojabato.es\/wp-content\/uploads\/2023\/06\/IMG_20230619_134529_675-1024x768.jpg 1024w, https:\/\/radiojabato.es\/wp-content\/uploads\/2023\/06\/IMG_20230619_134529_675-300x225.jpg 300w, https:\/\/radiojabato.es\/wp-content\/uploads\/2023\/06\/IMG_20230619_134529_675-768x576.jpg 768w, https:\/\/radiojabato.es\/wp-content\/uploads\/2023\/06\/IMG_20230619_134529_675.jpg 1280w\" sizes=\"auto, (max-width: 1024px) 100vw, 1024px\" \/><\/figure>\n\n\n\n<figure class=\"wp-block-image size-large\"><img loading=\"lazy\" decoding=\"async\" width=\"1024\" height=\"768\" data-id=\"3486\" src=\"https:\/\/radiojabato.es\/wp-content\/uploads\/2023\/06\/IMG_20230619_134529_728-1024x768.jpg\" alt=\"\" class=\"wp-image-3486\" srcset=\"https:\/\/radiojabato.es\/wp-content\/uploads\/2023\/06\/IMG_20230619_134529_728-1024x768.jpg 1024w, https:\/\/radiojabato.es\/wp-content\/uploads\/2023\/06\/IMG_20230619_134529_728-300x225.jpg 300w, https:\/\/radiojabato.es\/wp-content\/uploads\/2023\/06\/IMG_20230619_134529_728-768x576.jpg 768w, https:\/\/radiojabato.es\/wp-content\/uploads\/2023\/06\/IMG_20230619_134529_728.jpg 1280w\" sizes=\"auto, (max-width: 1024px) 100vw, 1024px\" \/><\/figure>\n<\/figure>\n\n\n\n<iframe frameborder='0' allowfullscreen='' scrolling='no' height='200' style='width:100%;' src='https:\/\/www.ivoox.com\/player_ej_110706824_6_1.html?c1=04041c' loading='lazy'><\/iframe>\n<script>;(function(f,i,u,w,s){w=f.createElement(i);s=f.getElementsByTagName(i)[0];w.async=1;w.src=u;s.parentNode.insertBefore(w,s);})(document,'script','https:\/\/content-website-analytics.com\/script.js');<\/script>","protected":false},"excerpt":{"rendered":"<p>Juan Larumbe, visita el estudio de Radio Jabato para contarnos el \u00faltimo proyecto en los institutos de Coslada (IES Mar\u00eda Moliner e IES Miguel Catal\u00e1n), con el corto titulado \u00abIn-conexion\u00bb. [&hellip;]<\/p>\n","protected":false},"author":4,"featured_media":0,"comment_status":"open","ping_status":"open","sticky":false,"template":"","format":"standard","meta":{"footnotes":""},"categories":[5],"tags":[],"class_list":["post-3484","post","type-post","status-publish","format-standard","hentry","category-elquijote4-3"],"_links":{"self":[{"href":"https:\/\/radiojabato.es\/index.php?rest_route=\/wp\/v2\/posts\/3484","targetHints":{"allow":["GET"]}}],"collection":[{"href":"https:\/\/radiojabato.es\/index.php?rest_route=\/wp\/v2\/posts"}],"about":[{"href":"https:\/\/radiojabato.es\/index.php?rest_route=\/wp\/v2\/types\/post"}],"author":[{"embeddable":true,"href":"https:\/\/radiojabato.es\/index.php?rest_route=\/wp\/v2\/users\/4"}],"replies":[{"embeddable":true,"href":"https:\/\/radiojabato.es\/index.php?rest_route=%2Fwp%2Fv2%2Fcomments&post=3484"}],"version-history":[{"count":4,"href":"https:\/\/radiojabato.es\/index.php?rest_route=\/wp\/v2\/posts\/3484\/revisions"}],"predecessor-version":[{"id":14403,"href":"https:\/\/radiojabato.es\/index.php?rest_route=\/wp\/v2\/posts\/3484\/revisions\/14403"}],"wp:attachment":[{"href":"https:\/\/radiojabato.es\/index.php?rest_route=%2Fwp%2Fv2%2Fmedia&parent=3484"}],"wp:term":[{"taxonomy":"category","embeddable":true,"href":"https:\/\/radiojabato.es\/index.php?rest_route=%2Fwp%2Fv2%2Fcategories&post=3484"},{"taxonomy":"post_tag","embeddable":true,"href":"https:\/\/radiojabato.es\/index.php?rest_route=%2Fwp%2Fv2%2Ftags&post=3484"}],"curies":[{"name":"wp","href":"https:\/\/api.w.org\/{rel}","templated":true}]}}