{"id":3392,"date":"2023-06-01T18:13:10","date_gmt":"2023-06-01T18:13:10","guid":{"rendered":"https:\/\/radiojabato.es\/?p=3392"},"modified":"2023-06-01T18:15:11","modified_gmt":"2023-06-01T18:15:11","slug":"la-jabateka-programa-1","status":"publish","type":"post","link":"https:\/\/radiojabato.es\/?p=3392","title":{"rendered":"LA JABATEKA: \u00abPROGRAMA 1\u00bb"},"content":{"rendered":"\nPara inaugurar LA JABATEKA contamos con Dani Dan quien, a parte de mostrarnos su gusto musical, realiza una entrevista a Tiffon, vocalista del grupo alcalahino EL SUE\u00d1O DE \u00cdCARO. quien nos habla de los m\u00e1s de 20 a\u00f1os de trayectoria musical de la banda.\n\nAdem\u00e1s, disfrutaremos de una recomendaci\u00f3n musical por parte del colaborador habitual de RADIO JABATO, el periodista Xavi Granda, en su secci\u00f3n \u00abM\u00fasica a lo Granda\u00bb\n\n\n\n<iframe frameborder='0' allowfullscreen='' scrolling='no' height='200' style='width:100%;' src='https:\/\/www.ivoox.com\/player_ej_109464658_6_1.html?c1=d03644' loading='lazy'><\/iframe>\n\n\n\n<figure class=\"wp-block-image size-full is-resized\"><img loading=\"lazy\" decoding=\"async\" src=\"https:\/\/radiojabato.es\/wp-content\/uploads\/2023\/06\/la-jabateka.jpg\" alt=\"\" class=\"wp-image-3393\" width=\"380\" height=\"273\" srcset=\"https:\/\/radiojabato.es\/wp-content\/uploads\/2023\/06\/la-jabateka.jpg 720w, https:\/\/radiojabato.es\/wp-content\/uploads\/2023\/06\/la-jabateka-300x215.jpg 300w\" sizes=\"auto, (max-width: 380px) 100vw, 380px\" \/><\/figure>\n","protected":false},"excerpt":{"rendered":"<p>Para inaugurar LA JABATEKA contamos con Dani Dan quien, a parte de mostrarnos su gusto musical, realiza una entrevista a Tiffon, vocalista del grupo alcalahino EL SUE\u00d1O DE \u00cdCARO. quien [&hellip;]<\/p>\n","protected":false},"author":2,"featured_media":0,"comment_status":"open","ping_status":"open","sticky":false,"template":"","format":"standard","meta":{"footnotes":""},"categories":[870],"tags":[872,160,873],"class_list":["post-3392","post","type-post","status-publish","format-standard","hentry","category-la-jabateka","tag-el-sueno-del-icaro","tag-musica","tag-musica-a-lo-granda"],"_links":{"self":[{"href":"https:\/\/radiojabato.es\/index.php?rest_route=\/wp\/v2\/posts\/3392","targetHints":{"allow":["GET"]}}],"collection":[{"href":"https:\/\/radiojabato.es\/index.php?rest_route=\/wp\/v2\/posts"}],"about":[{"href":"https:\/\/radiojabato.es\/index.php?rest_route=\/wp\/v2\/types\/post"}],"author":[{"embeddable":true,"href":"https:\/\/radiojabato.es\/index.php?rest_route=\/wp\/v2\/users\/2"}],"replies":[{"embeddable":true,"href":"https:\/\/radiojabato.es\/index.php?rest_route=%2Fwp%2Fv2%2Fcomments&post=3392"}],"version-history":[{"count":2,"href":"https:\/\/radiojabato.es\/index.php?rest_route=\/wp\/v2\/posts\/3392\/revisions"}],"predecessor-version":[{"id":3396,"href":"https:\/\/radiojabato.es\/index.php?rest_route=\/wp\/v2\/posts\/3392\/revisions\/3396"}],"wp:attachment":[{"href":"https:\/\/radiojabato.es\/index.php?rest_route=%2Fwp%2Fv2%2Fmedia&parent=3392"}],"wp:term":[{"taxonomy":"category","embeddable":true,"href":"https:\/\/radiojabato.es\/index.php?rest_route=%2Fwp%2Fv2%2Fcategories&post=3392"},{"taxonomy":"post_tag","embeddable":true,"href":"https:\/\/radiojabato.es\/index.php?rest_route=%2Fwp%2Fv2%2Ftags&post=3392"}],"curies":[{"name":"wp","href":"https:\/\/api.w.org\/{rel}","templated":true}]}}