{"id":3159,"date":"2023-04-23T11:24:17","date_gmt":"2023-04-23T11:24:17","guid":{"rendered":"https:\/\/radiojabato.es\/?p=3159"},"modified":"2024-02-25T13:38:34","modified_gmt":"2024-02-25T13:38:34","slug":"cosas-de-los-nadie-la-comuna-presos-presas-y-represaliados-del-franquismo","status":"publish","type":"post","link":"https:\/\/radiojabato.es\/?p=3159","title":{"rendered":"Cosas De Los Nadie: \u00abLa Comuna, presos, presas y represaliados del Franquismo.\u00bb"},"content":{"rendered":"\n<iframe frameborder='0' allowfullscreen='' scrolling='no' height='200' style='width:100%;' src='https:\/\/www.ivoox.com\/player_ej_106818677_6_1.html?c1=060914' loading='lazy'><\/iframe>\n\n\n\n<p>Entrevista a Rosa Garc\u00eda Halc\u00f3n, presidenta de \u00abLa Comuna\u00bb, Asociaci\u00f3n de Presos, Presas y Represaliados por la Dictadura Franquista, durante la misma y durante los a\u00f1os posteriores donde sus aparatos, \u00absupuestamente\u00bb, no existen.<br>El paso de Dictadura a un sistema \u00absupuestamente\u00bb democr\u00e1tico donde contin\u00faan presentes en nuestras instituciones las mismas \u00e9lites Franquistas y son premiados como Mart\u00edn Villa o, el ya fallecido y hasta su fallecimiento reconocido, Juan Antonio Gonz\u00e1lez Pacheco \u00abBilly el ni\u00f1o\u00bb.<br>VERDAD, JUSTICIA Y REPARACI\u00d3N.<\/p>\n\n\n\n<figure class=\"wp-block-gallery has-nested-images columns-default is-cropped wp-block-gallery-1 is-layout-flex wp-block-gallery-is-layout-flex\">\n<figure class=\"wp-block-image size-large\"><img loading=\"lazy\" decoding=\"async\" width=\"695\" height=\"700\" data-id=\"3162\" src=\"https:\/\/radiojabato.es\/wp-content\/uploads\/2023\/04\/photo_2023-04-23_12-28-25.jpg\" alt=\"\" class=\"wp-image-3162\" srcset=\"https:\/\/radiojabato.es\/wp-content\/uploads\/2023\/04\/photo_2023-04-23_12-28-25.jpg 695w, https:\/\/radiojabato.es\/wp-content\/uploads\/2023\/04\/photo_2023-04-23_12-28-25-298x300.jpg 298w, https:\/\/radiojabato.es\/wp-content\/uploads\/2023\/04\/photo_2023-04-23_12-28-25-150x150.jpg 150w\" sizes=\"auto, (max-width: 695px) 100vw, 695px\" \/><\/figure>\n\n\n\n<figure class=\"wp-block-image size-large\"><img loading=\"lazy\" decoding=\"async\" width=\"1024\" height=\"768\" data-id=\"3160\" src=\"https:\/\/radiojabato.es\/wp-content\/uploads\/2023\/04\/photo_2023-04-23_13-21-44-1024x768.jpg\" alt=\"\" class=\"wp-image-3160\" srcset=\"https:\/\/radiojabato.es\/wp-content\/uploads\/2023\/04\/photo_2023-04-23_13-21-44-1024x768.jpg 1024w, https:\/\/radiojabato.es\/wp-content\/uploads\/2023\/04\/photo_2023-04-23_13-21-44-300x225.jpg 300w, https:\/\/radiojabato.es\/wp-content\/uploads\/2023\/04\/photo_2023-04-23_13-21-44-768x576.jpg 768w, https:\/\/radiojabato.es\/wp-content\/uploads\/2023\/04\/photo_2023-04-23_13-21-44.jpg 1280w\" sizes=\"auto, (max-width: 1024px) 100vw, 1024px\" \/><\/figure>\n<\/figure>\n","protected":false},"excerpt":{"rendered":"<p>Entrevista a Rosa Garc\u00eda Halc\u00f3n, presidenta de \u00abLa Comuna\u00bb, Asociaci\u00f3n de Presos, Presas y Represaliados por la Dictadura Franquista, durante la misma y durante los a\u00f1os posteriores donde sus aparatos, [&hellip;]<\/p>\n","protected":false},"author":2,"featured_media":0,"comment_status":"open","ping_status":"open","sticky":false,"template":"","format":"standard","meta":{"footnotes":""},"categories":[37],"tags":[750,801,297,799],"class_list":["post-3159","post","type-post","status-publish","format-standard","hentry","category-cosas-de-los-nadie","tag-dictadura","tag-dictadura-franquista","tag-memoria-historica-2","tag-represaliados"],"_links":{"self":[{"href":"https:\/\/radiojabato.es\/index.php?rest_route=\/wp\/v2\/posts\/3159","targetHints":{"allow":["GET"]}}],"collection":[{"href":"https:\/\/radiojabato.es\/index.php?rest_route=\/wp\/v2\/posts"}],"about":[{"href":"https:\/\/radiojabato.es\/index.php?rest_route=\/wp\/v2\/types\/post"}],"author":[{"embeddable":true,"href":"https:\/\/radiojabato.es\/index.php?rest_route=\/wp\/v2\/users\/2"}],"replies":[{"embeddable":true,"href":"https:\/\/radiojabato.es\/index.php?rest_route=%2Fwp%2Fv2%2Fcomments&post=3159"}],"version-history":[{"count":1,"href":"https:\/\/radiojabato.es\/index.php?rest_route=\/wp\/v2\/posts\/3159\/revisions"}],"predecessor-version":[{"id":3163,"href":"https:\/\/radiojabato.es\/index.php?rest_route=\/wp\/v2\/posts\/3159\/revisions\/3163"}],"wp:attachment":[{"href":"https:\/\/radiojabato.es\/index.php?rest_route=%2Fwp%2Fv2%2Fmedia&parent=3159"}],"wp:term":[{"taxonomy":"category","embeddable":true,"href":"https:\/\/radiojabato.es\/index.php?rest_route=%2Fwp%2Fv2%2Fcategories&post=3159"},{"taxonomy":"post_tag","embeddable":true,"href":"https:\/\/radiojabato.es\/index.php?rest_route=%2Fwp%2Fv2%2Ftags&post=3159"}],"curies":[{"name":"wp","href":"https:\/\/api.w.org\/{rel}","templated":true}]}}