{"id":3156,"date":"2023-04-21T18:50:53","date_gmt":"2023-04-21T18:50:53","guid":{"rendered":"https:\/\/radiojabato.es\/?p=3156"},"modified":"2023-04-21T18:50:55","modified_gmt":"2023-04-21T18:50:55","slug":"abrimos-la-puerta-edificio-dignidad","status":"publish","type":"post","link":"https:\/\/radiojabato.es\/?p=3156","title":{"rendered":"ABRIMOS LA PUERTA: \u00abEdificio Dignidad\u00bb"},"content":{"rendered":"\n<iframe src=\"https:\/\/www.ivoox.com\/player_ej_106772622_6_1.html?c1=d11212\" width=\"100%\" height=\"200\" frameborder=\"0\" allowfullscreen=\"\" scrolling=\"no\" loading=\"lazy\"><\/iframe>\n\n\n\n<p>Entrevista a Ana Jim\u00e9nez, activista por el derecho a la vivienda, activista feminista, activista antifascista y a Jos\u00e9 Torralbo, activista por el derecho a la vivienda.<br>El 26 de mayo quieren desahuciar a 18 familias, 48 personas con 18 menores en M\u00f3stoles sin alternativa habitacional del Edificio Dignidad. \u00bfQu\u00e9 es y qui\u00e9nes viven en el edificio dignidad? Nos lo cuentan Ana Jim\u00e9nez y Jos\u00e9 Torralbo. Solidaridad Lucha.<br>\u00abSin una vivienda digna no podemos tener una vida digna\u00bb( Ana Jim\u00e9nez).<br>\u00abEs la paradoja de que precisamente las entidades que han desahuciado a cientos de miles de familias, esas familias con sus impuestos han tenido que rescatar otra vez a los bancos. Una estafa inmobiliaria generalizada\u00bb (Jos\u00e9 Torralbo).<\/p>\n\n\n\n<figure class=\"wp-block-image size-large is-resized\"><img loading=\"lazy\" decoding=\"async\" src=\"https:\/\/radiojabato.es\/wp-content\/uploads\/2023\/04\/photo_2023-04-21_20-36-54-768x1024.jpg\" alt=\"\" class=\"wp-image-3157\" width=\"152\" height=\"202\" srcset=\"https:\/\/radiojabato.es\/wp-content\/uploads\/2023\/04\/photo_2023-04-21_20-36-54-768x1024.jpg 768w, https:\/\/radiojabato.es\/wp-content\/uploads\/2023\/04\/photo_2023-04-21_20-36-54-225x300.jpg 225w, https:\/\/radiojabato.es\/wp-content\/uploads\/2023\/04\/photo_2023-04-21_20-36-54.jpg 960w\" sizes=\"auto, (max-width: 152px) 100vw, 152px\" \/><\/figure>\n","protected":false},"excerpt":{"rendered":"<p>Entrevista a Ana Jim\u00e9nez, activista por el derecho a la vivienda, activista feminista, activista antifascista y a Jos\u00e9 Torralbo, activista por el derecho a la vivienda.El 26 de mayo quieren [&hellip;]<\/p>\n","protected":false},"author":2,"featured_media":0,"comment_status":"open","ping_status":"open","sticky":false,"template":"","format":"standard","meta":{"footnotes":""},"categories":[784],"tags":[312,796,798,797],"class_list":["post-3156","post","type-post","status-publish","format-standard","hentry","category-abrimos-la-puerta","tag-desahucios","tag-edificio-dignidad","tag-vida-digna","tag-vivienda-digna"],"_links":{"self":[{"href":"https:\/\/radiojabato.es\/index.php?rest_route=\/wp\/v2\/posts\/3156","targetHints":{"allow":["GET"]}}],"collection":[{"href":"https:\/\/radiojabato.es\/index.php?rest_route=\/wp\/v2\/posts"}],"about":[{"href":"https:\/\/radiojabato.es\/index.php?rest_route=\/wp\/v2\/types\/post"}],"author":[{"embeddable":true,"href":"https:\/\/radiojabato.es\/index.php?rest_route=\/wp\/v2\/users\/2"}],"replies":[{"embeddable":true,"href":"https:\/\/radiojabato.es\/index.php?rest_route=%2Fwp%2Fv2%2Fcomments&post=3156"}],"version-history":[{"count":1,"href":"https:\/\/radiojabato.es\/index.php?rest_route=\/wp\/v2\/posts\/3156\/revisions"}],"predecessor-version":[{"id":3158,"href":"https:\/\/radiojabato.es\/index.php?rest_route=\/wp\/v2\/posts\/3156\/revisions\/3158"}],"wp:attachment":[{"href":"https:\/\/radiojabato.es\/index.php?rest_route=%2Fwp%2Fv2%2Fmedia&parent=3156"}],"wp:term":[{"taxonomy":"category","embeddable":true,"href":"https:\/\/radiojabato.es\/index.php?rest_route=%2Fwp%2Fv2%2Fcategories&post=3156"},{"taxonomy":"post_tag","embeddable":true,"href":"https:\/\/radiojabato.es\/index.php?rest_route=%2Fwp%2Fv2%2Ftags&post=3156"}],"curies":[{"name":"wp","href":"https:\/\/api.w.org\/{rel}","templated":true}]}}