{"id":3108,"date":"2023-04-12T13:05:23","date_gmt":"2023-04-12T13:05:23","guid":{"rendered":"https:\/\/radiojabato.es\/?p=3108"},"modified":"2024-02-25T12:39:40","modified_gmt":"2024-02-25T12:39:40","slug":"a-pie-de-calle-rueda-de-prensa-por-peligro-de-desaparicion-del-humedal","status":"publish","type":"post","link":"https:\/\/radiojabato.es\/?p=3108","title":{"rendered":"A Pie De Calle: \u00abRueda de Prensa por Peligro de Desaparici\u00f3n Del Humedal.\u00bb"},"content":{"rendered":"\n<iframe frameborder='0' allowfullscreen='' scrolling='no' height='200' style='width:100%;' src='https:\/\/www.ivoox.com\/player_ej_106231769_6_1.html?c1=04040c' loading='lazy'><\/iframe>\n\n\n\n<p>Rueda de prensa a la que nos convoca el Ayuntamiento de Coslada a ra\u00edz del pleno del d\u00eda 11 de Abril del 2023 donde, en una de sus partes, parece que las propuestas del grupo popular de abrir el paso hacia el barrio del Ca\u00f1averal pone en peligro la existencia del Humedal mismo facilitando el paso indiscriminado de los veh\u00edculos a motor conectando M45 y M40 a trav\u00e9s de Coslada.<br>\u00bfQuieren su desaparici\u00f3n? \u00bfQuieren traer los votos de los Coslade\u00f1@s que se fueron a vivir all\u00ed y est\u00e1n aun empadronados para poder usar los servicios p\u00fablicos de Coslada como centros de salud, colegios p\u00fablicos, etc&#8230; de los que ell@s carecen? \u00bfNo podr\u00edan quitar el tramo del peaje de la R3 desde la M45 a la M40, de menos de 1 Km para darles salida sin atravesar Coslada? \u00bfHay intereses desde la Comunidad de Madrid para tapar la falta de servicios en El Ca\u00f1averal y futuros barrios?<\/p>\n\n\n\n<figure class=\"wp-block-image size-large\"><img loading=\"lazy\" decoding=\"async\" width=\"1024\" height=\"768\" src=\"https:\/\/radiojabato.es\/wp-content\/uploads\/2023\/04\/photo_2023-04-12_14-00-56-1024x768.jpg\" alt=\"\" class=\"wp-image-3109\" srcset=\"https:\/\/radiojabato.es\/wp-content\/uploads\/2023\/04\/photo_2023-04-12_14-00-56-1024x768.jpg 1024w, https:\/\/radiojabato.es\/wp-content\/uploads\/2023\/04\/photo_2023-04-12_14-00-56-300x225.jpg 300w, https:\/\/radiojabato.es\/wp-content\/uploads\/2023\/04\/photo_2023-04-12_14-00-56-768x576.jpg 768w, https:\/\/radiojabato.es\/wp-content\/uploads\/2023\/04\/photo_2023-04-12_14-00-56.jpg 1280w\" sizes=\"auto, (max-width: 1024px) 100vw, 1024px\" \/><\/figure>\n","protected":false},"excerpt":{"rendered":"<p>Rueda de prensa a la que nos convoca el Ayuntamiento de Coslada a ra\u00edz del pleno del d\u00eda 11 de Abril del 2023 donde, en una de sus partes, parece [&hellip;]<\/p>\n","protected":false},"author":2,"featured_media":0,"comment_status":"open","ping_status":"open","sticky":false,"template":"","format":"standard","meta":{"footnotes":""},"categories":[561],"tags":[67,783,57,782,115],"class_list":["post-3108","post","type-post","status-publish","format-standard","hentry","category-a-pie-de-calle","tag-ayuntamiento-de-coslada","tag-barrio-del-canaveral","tag-coslada","tag-parque-del-humedal","tag-partido-popular"],"_links":{"self":[{"href":"https:\/\/radiojabato.es\/index.php?rest_route=\/wp\/v2\/posts\/3108","targetHints":{"allow":["GET"]}}],"collection":[{"href":"https:\/\/radiojabato.es\/index.php?rest_route=\/wp\/v2\/posts"}],"about":[{"href":"https:\/\/radiojabato.es\/index.php?rest_route=\/wp\/v2\/types\/post"}],"author":[{"embeddable":true,"href":"https:\/\/radiojabato.es\/index.php?rest_route=\/wp\/v2\/users\/2"}],"replies":[{"embeddable":true,"href":"https:\/\/radiojabato.es\/index.php?rest_route=%2Fwp%2Fv2%2Fcomments&post=3108"}],"version-history":[{"count":2,"href":"https:\/\/radiojabato.es\/index.php?rest_route=\/wp\/v2\/posts\/3108\/revisions"}],"predecessor-version":[{"id":3111,"href":"https:\/\/radiojabato.es\/index.php?rest_route=\/wp\/v2\/posts\/3108\/revisions\/3111"}],"wp:attachment":[{"href":"https:\/\/radiojabato.es\/index.php?rest_route=%2Fwp%2Fv2%2Fmedia&parent=3108"}],"wp:term":[{"taxonomy":"category","embeddable":true,"href":"https:\/\/radiojabato.es\/index.php?rest_route=%2Fwp%2Fv2%2Fcategories&post=3108"},{"taxonomy":"post_tag","embeddable":true,"href":"https:\/\/radiojabato.es\/index.php?rest_route=%2Fwp%2Fv2%2Ftags&post=3108"}],"curies":[{"name":"wp","href":"https:\/\/api.w.org\/{rel}","templated":true}]}}