{"id":3063,"date":"2023-04-03T11:34:43","date_gmt":"2023-04-03T11:34:43","guid":{"rendered":"https:\/\/radiojabato.es\/?p=3063"},"modified":"2023-04-03T11:34:44","modified_gmt":"2023-04-03T11:34:44","slug":"el-quijote4-3-afa-asoc-de-familiares-de-personas-con-alzheimer","status":"publish","type":"post","link":"https:\/\/radiojabato.es\/?p=3063","title":{"rendered":"El Quijote4.3 &#8211; AFA (Asoc. de Familiares de personas con Alzheimer)."},"content":{"rendered":"\n<iframe frameborder='0' allowfullscreen='' scrolling='no' height='200' style='width:100%;' src='https:\/\/www.ivoox.com\/player_ej_105481017_6_1.html?c1=04041c' loading='lazy'><\/iframe>\n\n\n\n<p>\u00abALZHEIMER, EL PRINCIPIO DE OLVIDAR\u00bb.<br>Desde AFA, nos cuentan cual es su trabajo con las familias que tienen a una persona afectada por Alzheimer; \u00abcuando una persona comienza a olvidar quien es y quienes le acompa\u00f1an en el camino de la vida, AFA se convierte en ese imprescindible faro en el mar nocturno\u00bb, para guiar tanto a la persona que inicia s\u00edntomas de la enfermedad como a su familiares, que adem\u00e1s, son sus cuidadores las 24 horas del d\u00eda. Estos \u00faltimos, necesitan tanta ayuda como la persona enferma. La falta de recursos econ\u00f3micos hacen que el deterioro en la salud f\u00edsica y mental se multiplique de forma vertiginosa. Representando a AFA nos acompa\u00f1an: Mar\u00eda Ben\u00edtez Doblas (Presideta), Mercedes Meneses Do\u00edguez (Psic\u00f3loga y Coordinadora) y Jos\u00e9 Antonio Carazo (Tesorero).<br>\u00a1\u00a1\u00a1Gracias por vuestro trabajo!!!<br>\u00abOLVIDAR NO ES EL FINAL DE LA PERSONA, PERO SI ES EL COMIENZO DE UNA DESPEDIDA\u00bb.<\/p>\n\n\n\n<figure class=\"wp-block-gallery has-nested-images columns-default is-cropped wp-block-gallery-1 is-layout-flex wp-block-gallery-is-layout-flex\">\n<figure class=\"wp-block-image size-large\"><img loading=\"lazy\" decoding=\"async\" width=\"400\" height=\"400\" data-id=\"3065\" src=\"https:\/\/radiojabato.es\/wp-content\/uploads\/2023\/04\/afa-logo.jpg\" alt=\"\" class=\"wp-image-3065\" srcset=\"https:\/\/radiojabato.es\/wp-content\/uploads\/2023\/04\/afa-logo.jpg 400w, https:\/\/radiojabato.es\/wp-content\/uploads\/2023\/04\/afa-logo-300x300.jpg 300w, https:\/\/radiojabato.es\/wp-content\/uploads\/2023\/04\/afa-logo-150x150.jpg 150w\" sizes=\"auto, (max-width: 400px) 100vw, 400px\" \/><\/figure>\n\n\n\n<figure class=\"wp-block-image size-large\"><img loading=\"lazy\" decoding=\"async\" width=\"1024\" height=\"768\" data-id=\"3066\" src=\"https:\/\/radiojabato.es\/wp-content\/uploads\/2023\/04\/AFA-1024x768.jpg\" alt=\"\" class=\"wp-image-3066\" srcset=\"https:\/\/radiojabato.es\/wp-content\/uploads\/2023\/04\/AFA-1024x768.jpg 1024w, https:\/\/radiojabato.es\/wp-content\/uploads\/2023\/04\/AFA-300x225.jpg 300w, https:\/\/radiojabato.es\/wp-content\/uploads\/2023\/04\/AFA-768x576.jpg 768w, https:\/\/radiojabato.es\/wp-content\/uploads\/2023\/04\/AFA.jpg 1280w\" sizes=\"auto, (max-width: 1024px) 100vw, 1024px\" \/><\/figure>\n<\/figure>\n","protected":false},"excerpt":{"rendered":"<p>\u00abALZHEIMER, EL PRINCIPIO DE OLVIDAR\u00bb.Desde AFA, nos cuentan cual es su trabajo con las familias que tienen a una persona afectada por Alzheimer; \u00abcuando una persona comienza a olvidar quien [&hellip;]<\/p>\n","protected":false},"author":2,"featured_media":0,"comment_status":"open","ping_status":"open","sticky":false,"template":"","format":"standard","meta":{"footnotes":""},"categories":[5],"tags":[761,763],"class_list":["post-3063","post","type-post","status-publish","format-standard","hentry","category-elquijote4-3","tag-alzheimer","tag-enfermedades-degenerativas"],"_links":{"self":[{"href":"https:\/\/radiojabato.es\/index.php?rest_route=\/wp\/v2\/posts\/3063","targetHints":{"allow":["GET"]}}],"collection":[{"href":"https:\/\/radiojabato.es\/index.php?rest_route=\/wp\/v2\/posts"}],"about":[{"href":"https:\/\/radiojabato.es\/index.php?rest_route=\/wp\/v2\/types\/post"}],"author":[{"embeddable":true,"href":"https:\/\/radiojabato.es\/index.php?rest_route=\/wp\/v2\/users\/2"}],"replies":[{"embeddable":true,"href":"https:\/\/radiojabato.es\/index.php?rest_route=%2Fwp%2Fv2%2Fcomments&post=3063"}],"version-history":[{"count":2,"href":"https:\/\/radiojabato.es\/index.php?rest_route=\/wp\/v2\/posts\/3063\/revisions"}],"predecessor-version":[{"id":3067,"href":"https:\/\/radiojabato.es\/index.php?rest_route=\/wp\/v2\/posts\/3063\/revisions\/3067"}],"wp:attachment":[{"href":"https:\/\/radiojabato.es\/index.php?rest_route=%2Fwp%2Fv2%2Fmedia&parent=3063"}],"wp:term":[{"taxonomy":"category","embeddable":true,"href":"https:\/\/radiojabato.es\/index.php?rest_route=%2Fwp%2Fv2%2Fcategories&post=3063"},{"taxonomy":"post_tag","embeddable":true,"href":"https:\/\/radiojabato.es\/index.php?rest_route=%2Fwp%2Fv2%2Ftags&post=3063"}],"curies":[{"name":"wp","href":"https:\/\/api.w.org\/{rel}","templated":true}]}}