{"id":2984,"date":"2023-03-19T13:28:25","date_gmt":"2023-03-19T13:28:25","guid":{"rendered":"https:\/\/radiojabato.es\/?p=2984"},"modified":"2024-02-25T13:43:22","modified_gmt":"2024-02-25T13:43:22","slug":"el-quijote4-3-5m-mani-sin-gluten-y-sin-pasta","status":"publish","type":"post","link":"https:\/\/radiojabato.es\/?p=2984","title":{"rendered":"El Quijote4.3 &#8211; 5M, mani SIN GLUTEN y SIN PASTA"},"content":{"rendered":"\n<iframe frameborder='0' allowfullscreen='' scrolling='no' height='200' style='width:100%;' src='https:\/\/www.ivoox.com\/player_ej_104788659_6_1.html?c1=04041c' loading='lazy'><\/iframe>\n\n\n\n<figure class=\"wp-block-image size-large is-resized\"><img loading=\"lazy\" decoding=\"async\" src=\"https:\/\/radiojabato.es\/wp-content\/uploads\/2023\/03\/sin-gnuten-1-1024x768.jpg\" alt=\"\" class=\"wp-image-2985\" width=\"237\" height=\"178\" srcset=\"https:\/\/radiojabato.es\/wp-content\/uploads\/2023\/03\/sin-gnuten-1-1024x768.jpg 1024w, https:\/\/radiojabato.es\/wp-content\/uploads\/2023\/03\/sin-gnuten-1-300x225.jpg 300w, https:\/\/radiojabato.es\/wp-content\/uploads\/2023\/03\/sin-gnuten-1-768x576.jpg 768w, https:\/\/radiojabato.es\/wp-content\/uploads\/2023\/03\/sin-gnuten-1.jpg 1280w\" sizes=\"auto, (max-width: 237px) 100vw, 237px\" \/><\/figure>\n\n\n\n<p>El pasado 5 de marzo, adem\u00e1s de la \u00abMarcha por la Igualdad\u00bb, hubo otra marcha no menos importante, \u00abla Marcha SIN GLUTEN y SIN PASTA\u00bb por las calles de Madrid capital, de la que se hizo repercusi\u00f3n en muchos medios de comunicaci\u00f3n de televisi\u00f3n conocidos y convencionales.<br>Por eso, y por nuestra implicaci\u00f3n en la necesidad de dar visibilidad a las personas que padecen enfermedades ignoradas por las instituciones p\u00fablicas y la sociedad en su conjunto, recibimos en los estudios de RADIO JABATO a Pilar Zurdo (Presidenta de la Asociaci\u00f3n SIN GLUTEN del Corredor del Henares), que junto a otras personas, desde Sara (9 a\u00f1itos) y su hermana Alba (celiaca de tan solo 6 a\u00f1itos), a Carmen (otra joven de 75 a\u00f1os que nos ilustra con su peculiar e incre\u00edble historia y experiencia); tod@s estuvieron en la marcha, y nos explican cu\u00e1les son sus reivindicaciones y necesidades. Por ejemplo, cu\u00e1nto le cuesta m\u00e1s la cesta de la compra a una persona celiaca, sobre todo ahora, con la salvaje inflaci\u00f3n que sufrimos tod@s en productos de primera necesidad<\/p>\n","protected":false},"excerpt":{"rendered":"<p>El pasado 5 de marzo, adem\u00e1s de la \u00abMarcha por la Igualdad\u00bb, hubo otra marcha no menos importante, \u00abla Marcha SIN GLUTEN y SIN PASTA\u00bb por las calles de Madrid [&hellip;]<\/p>\n","protected":false},"author":2,"featured_media":0,"comment_status":"open","ping_status":"open","sticky":false,"template":"","format":"standard","meta":{"footnotes":""},"categories":[5],"tags":[539,57,540,329,538,744],"class_list":["post-2984","post","type-post","status-publish","format-standard","hentry","category-elquijote4-3","tag-celiacos","tag-coslada","tag-coslada-y-sanfer-sin-gluten","tag-enfermedades-raras","tag-gluten","tag-sanfernando-de-henares"],"_links":{"self":[{"href":"https:\/\/radiojabato.es\/index.php?rest_route=\/wp\/v2\/posts\/2984","targetHints":{"allow":["GET"]}}],"collection":[{"href":"https:\/\/radiojabato.es\/index.php?rest_route=\/wp\/v2\/posts"}],"about":[{"href":"https:\/\/radiojabato.es\/index.php?rest_route=\/wp\/v2\/types\/post"}],"author":[{"embeddable":true,"href":"https:\/\/radiojabato.es\/index.php?rest_route=\/wp\/v2\/users\/2"}],"replies":[{"embeddable":true,"href":"https:\/\/radiojabato.es\/index.php?rest_route=%2Fwp%2Fv2%2Fcomments&post=2984"}],"version-history":[{"count":1,"href":"https:\/\/radiojabato.es\/index.php?rest_route=\/wp\/v2\/posts\/2984\/revisions"}],"predecessor-version":[{"id":2986,"href":"https:\/\/radiojabato.es\/index.php?rest_route=\/wp\/v2\/posts\/2984\/revisions\/2986"}],"wp:attachment":[{"href":"https:\/\/radiojabato.es\/index.php?rest_route=%2Fwp%2Fv2%2Fmedia&parent=2984"}],"wp:term":[{"taxonomy":"category","embeddable":true,"href":"https:\/\/radiojabato.es\/index.php?rest_route=%2Fwp%2Fv2%2Fcategories&post=2984"},{"taxonomy":"post_tag","embeddable":true,"href":"https:\/\/radiojabato.es\/index.php?rest_route=%2Fwp%2Fv2%2Ftags&post=2984"}],"curies":[{"name":"wp","href":"https:\/\/api.w.org\/{rel}","templated":true}]}}